{"id":3096,"date":"2017-04-24T12:29:30","date_gmt":"2017-04-24T12:29:30","guid":{"rendered":"http:\/\/muestra.vansterandlei.com\/?p=3096"},"modified":"2017-04-24T12:47:14","modified_gmt":"2017-04-24T12:47:14","slug":"esteyco-realiza-una-ponencia-en-el-ipf-offshore-wind-2017-annapolis-maryland","status":"publish","type":"post","link":"http:\/\/muestra.vansterandlei.com\/es\/esteyco-realiza-una-ponencia-en-el-ipf-offshore-wind-2017-annapolis-maryland\/","title":{"rendered":"ESTEYCO REALIZA UNA PONENCIA EN EL IPF OFFSHORE WIND 2017 (ANNAPOLIS, MARYLAND)"},"content":{"rendered":"ESTEYCO acaba de participar en el INTERNATIONAL PARTNERING FORUM (IPF 2017), en Annapolis (EE.UU), organizado por la Business Network Offshore Wind.<\/p>\n<p>Por invitaci\u00f3n directa del NREL de EE.UU. (National Renewables Energy Laboratory), hemos realizado una ponencia presentando nuestros proyectos ELISA\/ELICAN, cuyo resultado ser\u00e1 una torre e\u00f3lica telesc\u00f3pica de hormig\u00f3n, construida \u00edntegramente en puerto, y autoflotante en su transporte hasta el emplazamiento definitivo. La torre se encuentra actualmente en construcci\u00f3n, y se espera que est\u00e9 operativa, montando una turbina de 5 MW, a final de a\u00f1o.<\/p>\n<p>Durante la presentaci\u00f3n, y a lo largo del congreso, se ha constatado el inter\u00e9s en el proyecto por parte de los participantes; la tecnolog\u00eda encaja perfectamente con los mensajes que han predominado en el evento: reducir costes\/riesgos y maximizar la industria local, mejorando la cadena de suministro.<\/p>\n<p>Entendemos que la participaci\u00f3n en este tipo de eventos es necesaria para visibilizar nuestro trabajo, con el objetivo de contribuir a la comercializaci\u00f3n de nuestra tecnolog\u00eda en un futuro pr\u00f3ximo.<\/p>\n<p>&nbsp;","protected":false},"excerpt":{"rendered":"<p>ESTEYCO acaba de participar en el INTERNATIONAL PARTNERING FORUM (IPF 2017), en Annapolis (EE.UU), organizado por la Business Network Offshore Wind. Por invitaci\u00f3n directa del NREL de EE.UU. (National Renewables Energy Laboratory), hemos realizado una ponencia presentando nuestros proyectos ELISA\/ELICAN, cuyo resultado ser\u00e1 una torre e\u00f3lica telesc\u00f3pica de hormig\u00f3n, construida \u00edntegramente en puerto, y autoflotante &hellip; <a href=\"http:\/\/muestra.vansterandlei.com\/es\/esteyco-realiza-una-ponencia-en-el-ipf-offshore-wind-2017-annapolis-maryland\/\" class=\"more-link\">Continue reading<span class=\"screen-reader-text\"> \u00abESTEYCO REALIZA UNA PONENCIA EN EL IPF OFFSHORE WIND 2017 (ANNAPOLIS, MARYLAND)\u00bb<\/span><\/a><\/p>\n","protected":false},"author":2,"featured_media":3099,"comment_status":"open","ping_status":"open","sticky":false,"template":"","format":"standard","meta":{"pgc_sgb_lightbox_settings":""},"categories":[7,21,23,26,1,24,22],"tags":[],"wps_subtitle":"","_links":{"self":[{"href":"http:\/\/muestra.vansterandlei.com\/es\/wp-json\/wp\/v2\/posts\/3096"}],"collection":[{"href":"http:\/\/muestra.vansterandlei.com\/es\/wp-json\/wp\/v2\/posts"}],"about":[{"href":"http:\/\/muestra.vansterandlei.com\/es\/wp-json\/wp\/v2\/types\/post"}],"author":[{"embeddable":true,"href":"http:\/\/muestra.vansterandlei.com\/es\/wp-json\/wp\/v2\/users\/2"}],"replies":[{"embeddable":true,"href":"http:\/\/muestra.vansterandlei.com\/es\/wp-json\/wp\/v2\/comments?post=3096"}],"version-history":[{"count":0,"href":"http:\/\/muestra.vansterandlei.com\/es\/wp-json\/wp\/v2\/posts\/3096\/revisions"}],"wp:featuredmedia":[{"embeddable":true,"href":"http:\/\/muestra.vansterandlei.com\/es\/wp-json\/wp\/v2\/media\/3099"}],"wp:attachment":[{"href":"http:\/\/muestra.vansterandlei.com\/es\/wp-json\/wp\/v2\/media?parent=3096"}],"wp:term":[{"taxonomy":"category","embeddable":true,"href":"http:\/\/muestra.vansterandlei.com\/es\/wp-json\/wp\/v2\/categories?post=3096"},{"taxonomy":"post_tag","embeddable":true,"href":"http:\/\/muestra.vansterandlei.com\/es\/wp-json\/wp\/v2\/tags?post=3096"}],"curies":[{"name":"wp","href":"https:\/\/api.w.org\/{rel}","templated":true}]}}