{"id":3157,"date":"2017-05-19T08:38:32","date_gmt":"2017-05-19T08:38:32","guid":{"rendered":"http:\/\/muestra.vansterandlei.com\/?p=3157"},"modified":"2017-08-28T08:01:27","modified_gmt":"2017-08-28T08:01:27","slug":"esteyco-participo-en-el-open-eureka-innovation-week-2017","status":"publish","type":"post","link":"http:\/\/muestra.vansterandlei.com\/es\/esteyco-participo-en-el-open-eureka-innovation-week-2017\/","title":{"rendered":"ESTEYCO PARTICIP\u00d3 EN EL OPEN EUREKA INNOVATION WEEK 2017"},"content":{"rendered":"Desde el 16 al 18 de mayo ha tenido lugar en Barcelona la \u00abEureka Innovation Week\u00bb, el mayor evento organizado anualmente por el Eureka para el encuentro y espacio de trabajo\u00a0 de las empresas interesadas en I+D+i sobre la cooperaci\u00f3n tecnol\u00f3gica internacional, y en la que ESTEYCO ha participado.<\/p>\n<p>Desde nuestro stand, cedido por CDTI, y en la sesi\u00f3n informativa impartida por Javier Nieto,\u00a0 hemos mostrado nuestra torre e\u00f3lica telesc\u00f3pica de hormig\u00f3n, auto-instalable, proyecto\u00a0 que se ha podido realizar gracias a las ayudas concedidas\u00a0 por Eureka-Eurostars y H2020 principalmente.","protected":false},"excerpt":{"rendered":"<p>Desde el 16 al 18 de mayo ha tenido lugar en Barcelona la \u00abEureka Innovation Week\u00bb, el mayor evento organizado anualmente por el Eureka para el encuentro y espacio de trabajo\u00a0 de las empresas interesadas en I+D+i sobre la cooperaci\u00f3n tecnol\u00f3gica internacional, y en la que ESTEYCO ha participado. Desde nuestro stand, cedido por CDTI, &hellip; <a href=\"http:\/\/muestra.vansterandlei.com\/es\/esteyco-participo-en-el-open-eureka-innovation-week-2017\/\" class=\"more-link\">Continue reading<span class=\"screen-reader-text\"> \u00abESTEYCO PARTICIP\u00d3 EN EL OPEN EUREKA INNOVATION WEEK 2017\u00bb<\/span><\/a><\/p>\n","protected":false},"author":2,"featured_media":3159,"comment_status":"open","ping_status":"open","sticky":false,"template":"","format":"standard","meta":{"pgc_sgb_lightbox_settings":""},"categories":[7,21,149,23,26,1,22],"tags":[],"wps_subtitle":"","_links":{"self":[{"href":"http:\/\/muestra.vansterandlei.com\/es\/wp-json\/wp\/v2\/posts\/3157"}],"collection":[{"href":"http:\/\/muestra.vansterandlei.com\/es\/wp-json\/wp\/v2\/posts"}],"about":[{"href":"http:\/\/muestra.vansterandlei.com\/es\/wp-json\/wp\/v2\/types\/post"}],"author":[{"embeddable":true,"href":"http:\/\/muestra.vansterandlei.com\/es\/wp-json\/wp\/v2\/users\/2"}],"replies":[{"embeddable":true,"href":"http:\/\/muestra.vansterandlei.com\/es\/wp-json\/wp\/v2\/comments?post=3157"}],"version-history":[{"count":0,"href":"http:\/\/muestra.vansterandlei.com\/es\/wp-json\/wp\/v2\/posts\/3157\/revisions"}],"wp:featuredmedia":[{"embeddable":true,"href":"http:\/\/muestra.vansterandlei.com\/es\/wp-json\/wp\/v2\/media\/3159"}],"wp:attachment":[{"href":"http:\/\/muestra.vansterandlei.com\/es\/wp-json\/wp\/v2\/media?parent=3157"}],"wp:term":[{"taxonomy":"category","embeddable":true,"href":"http:\/\/muestra.vansterandlei.com\/es\/wp-json\/wp\/v2\/categories?post=3157"},{"taxonomy":"post_tag","embeddable":true,"href":"http:\/\/muestra.vansterandlei.com\/es\/wp-json\/wp\/v2\/tags?post=3157"}],"curies":[{"name":"wp","href":"https:\/\/api.w.org\/{rel}","templated":true}]}}