{"id":3340,"date":"2017-09-18T10:24:54","date_gmt":"2017-09-18T10:24:54","guid":{"rendered":"http:\/\/muestra.vansterandlei.com\/?p=3340"},"modified":"2017-09-18T12:22:56","modified_gmt":"2017-09-18T12:22:56","slug":"ortega-exhorta-al-estado-a-delimitar-zonas-para-parques-eolicos-marinos","status":"publish","type":"post","link":"http:\/\/muestra.vansterandlei.com\/es\/ortega-exhorta-al-estado-a-delimitar-zonas-para-parques-eolicos-marinos\/","title":{"rendered":"ORTEGA EXHORTA AL ESTADO A DELIMITAR ZONAS PARA PARQUES E\u00d3LICOS MARINOS"},"content":{"rendered":"<p>El consejero de Econom\u00eda, Industria, Comercio y Conocimiento del Gobierno de Canarias, Pedro Ortega, anunci\u00f3 ayer que la Secretar\u00eda de Estado de Energ\u00eda liderar\u00e1 una comisi\u00f3n interministerial y trabajar\u00e1 junto al Ejecutivo regional para \u00abdise\u00f1ar el \u00e1rea y las condiciones\u00bb en las que se instalar\u00e1 la energ\u00eda e\u00f3lica marina en las Islas. Esta ha sido la respuesta del Gobierno central a las demandas de Canarias por liderar el sector de la energ\u00eda e\u00f3lica marina ya no solo en Espa\u00f1a, sino en Europa.<\/p>\n<p>Ortega se reuni\u00f3 con el secretario de Estado de Energ\u00eda, Daniel Navia, quien acept\u00f3 impulsar la investigaci\u00f3n, desarrollo y ensayo de las tecnolog\u00edas marinas en Canarias. \u00abEl Gobierno de Canarias trabaja con fuerza para alcanzar la estrategia de 2025 de tener un 45% de energ\u00eda renovable y para ello necesita impulsar la energ\u00eda e\u00f3lica marina\u00bb, destac\u00f3 el responsable auton\u00f3mico de las \u00e1reas de Econom\u00eda, Industria, Comercio y Conocimiento. As\u00ed, el Archipi\u00e9lago estar\u00eda en disposici\u00f3n para suministrar energ\u00eda el\u00e9ctrica renovable y ser tambi\u00e9n \u00abun campo de prueba\u00bb, agreg\u00f3 Ortega, donde poder ensayar e investigar cualquier modelo que convierta a las Islas en un \u00abreferente de la energ\u00eda e\u00f3lica marina a nivel mundial\u00bb.<\/p>\n<p>El representante del Gobierno que preside Fernando Clavijo insisti\u00f3 en la importancia de habilitar \u00abuna zona concreta\u00bb en las Islas que cumpla con las caracter\u00edsticas medioambientales y naturales para instalar las infraestructuras necesarias. Por ello, el consejero pidi\u00f3 al secretario de Estado de Energ\u00eda que trabaje con el Ministerio de Agricultura, Alimentaci\u00f3n y Medio Ambiente, que dirige Isabel Garc\u00eda Tejerina, y el departamento de Innovaci\u00f3n, \u00abcon el fin de que sea una comisi\u00f3n interministerial la que dise\u00f1e esa \u00e1rea concreta, para que los promotores que lleguen puedan instalarse en buenas condiciones\u00bb. \u00abCanarias tiene zonas en las que la profundidad es suficiente y donde no hay problemas medioambientales, ahora lo que hace falta es la participaci\u00f3n de otros ministerios, como son Agricultura o Innovaci\u00f3n\u00bb, exhort\u00f3 el consejero del Gobierno regional.<\/p>\n<p>Hay que recordar que uno de los objetivos a los que pretende contribuir el Gobierno auton\u00f3mico es al de convertir el Archipi\u00e9lago en un referente internacional en el campo de los generadores e\u00f3licos marinos en aguas profundas sin necesidad de buques de transporte.<\/p>\n<p>El propio presidente del Ejecutivo de las Islas, Fernando Clavijo, ha explicado en varias ocasiones que la regi\u00f3n tiene todo el \u00abpotencial\u00bb necesario para ser referente internacional en la llamada energ\u00eda azul. Cabe recordar que en Gran Canaria, en concreto en Arinaga, la empresa Esteyco desarrolla el prototipo ingeniero MLRT para el desarrollo precisamente de esta tecnolog\u00eda.<\/p>\n<p>Fuente: http:\/\/www.laopinion.es\/economia\/2017\/09\/16\/ortega-exhorta-delimitar-zonas-parques\/809245.html<\/p>\n","protected":false},"excerpt":{"rendered":"<p>El consejero de Econom\u00eda, Industria, Comercio y Conocimiento del Gobierno de Canarias, Pedro Ortega, anunci\u00f3 ayer que la Secretar\u00eda de Estado de Energ\u00eda liderar\u00e1 una comisi\u00f3n interministerial y trabajar\u00e1 junto al Ejecutivo regional para \u00abdise\u00f1ar el \u00e1rea y las condiciones\u00bb en las que se instalar\u00e1 la energ\u00eda e\u00f3lica marina en las Islas. Esta ha sido &hellip; <a href=\"http:\/\/muestra.vansterandlei.com\/es\/ortega-exhorta-al-estado-a-delimitar-zonas-para-parques-eolicos-marinos\/\" class=\"more-link\">Continue reading<span class=\"screen-reader-text\"> \u00abORTEGA EXHORTA AL ESTADO A DELIMITAR ZONAS PARA PARQUES E\u00d3LICOS MARINOS\u00bb<\/span><\/a><\/p>\n","protected":false},"author":2,"featured_media":3341,"comment_status":"open","ping_status":"open","sticky":false,"template":"","format":"standard","meta":{"pgc_sgb_lightbox_settings":""},"categories":[7,21,23,26,22],"tags":[],"wps_subtitle":"El objetivo del Gobierno regional es convertir el Archipi\u00e9lago en un referente internacional en la generaci\u00f3n de la llamada energ\u00eda azul","_links":{"self":[{"href":"http:\/\/muestra.vansterandlei.com\/es\/wp-json\/wp\/v2\/posts\/3340"}],"collection":[{"href":"http:\/\/muestra.vansterandlei.com\/es\/wp-json\/wp\/v2\/posts"}],"about":[{"href":"http:\/\/muestra.vansterandlei.com\/es\/wp-json\/wp\/v2\/types\/post"}],"author":[{"embeddable":true,"href":"http:\/\/muestra.vansterandlei.com\/es\/wp-json\/wp\/v2\/users\/2"}],"replies":[{"embeddable":true,"href":"http:\/\/muestra.vansterandlei.com\/es\/wp-json\/wp\/v2\/comments?post=3340"}],"version-history":[{"count":0,"href":"http:\/\/muestra.vansterandlei.com\/es\/wp-json\/wp\/v2\/posts\/3340\/revisions"}],"wp:featuredmedia":[{"embeddable":true,"href":"http:\/\/muestra.vansterandlei.com\/es\/wp-json\/wp\/v2\/media\/3341"}],"wp:attachment":[{"href":"http:\/\/muestra.vansterandlei.com\/es\/wp-json\/wp\/v2\/media?parent=3340"}],"wp:term":[{"taxonomy":"category","embeddable":true,"href":"http:\/\/muestra.vansterandlei.com\/es\/wp-json\/wp\/v2\/categories?post=3340"},{"taxonomy":"post_tag","embeddable":true,"href":"http:\/\/muestra.vansterandlei.com\/es\/wp-json\/wp\/v2\/tags?post=3340"}],"curies":[{"name":"wp","href":"https:\/\/api.w.org\/{rel}","templated":true}]}}