{"id":3380,"date":"2017-11-07T08:53:06","date_gmt":"2017-11-07T08:53:06","guid":{"rendered":"http:\/\/muestra.vansterandlei.com\/?p=3380"},"modified":"2017-11-28T08:25:24","modified_gmt":"2017-11-28T08:25:24","slug":"esteyco-invitado-como-moderador-en-la-jornada-perspectivas-para-la-tecnologia-eolica-marina-en-espana","status":"publish","type":"post","link":"http:\/\/muestra.vansterandlei.com\/es\/esteyco-invitado-como-moderador-en-la-jornada-perspectivas-para-la-tecnologia-eolica-marina-en-espana\/","title":{"rendered":"ESTEYCO INVITADO COMO MODERADOR EN LA JORNADA \u201cPERSPECTIVAS PARA LA TECNOLOG\u00cdA E\u00d3LICA MARINA EN ESPA\u00d1A\u00bb"},"content":{"rendered":"El pasado 18 de octubre, Esteyco particip\u00f3 como moderador en la jornada \u201cperspectivas para la tecnolog\u00eda e\u00f3lica marina en Espa\u00f1a\u201d invitado por REOLTEC, la plataforma tecnol\u00f3gica del sector e\u00f3lico espa\u00f1ol. <\/p>\n<p>El objetivo de la misma se centr\u00f3 en conocer la situaci\u00f3n actual del mercado y la posici\u00f3n de la industria espa\u00f1ola, as\u00ed como avanzar en las l\u00edneas de investigaci\u00f3n y colaboraci\u00f3n con otros pa\u00edses. La jornada reuni\u00f3 un gran n\u00famero de expertos en la industria Offshore y evidenci\u00f3 el potencial innovador, tecnol\u00f3gico e industrial de este sector en Espa\u00f1a.<br \/>","protected":false},"excerpt":{"rendered":"<p>El pasado 18 de octubre, Esteyco particip\u00f3 como moderador en la jornada \u201cperspectivas para la tecnolog\u00eda e\u00f3lica marina en Espa\u00f1a\u201d invitado por REOLTEC, la plataforma tecnol\u00f3gica del sector e\u00f3lico espa\u00f1ol. El objetivo de la misma se centr\u00f3 en conocer la situaci\u00f3n actual del mercado y la posici\u00f3n de la industria espa\u00f1ola, as\u00ed como avanzar en &hellip; <a href=\"http:\/\/muestra.vansterandlei.com\/es\/esteyco-invitado-como-moderador-en-la-jornada-perspectivas-para-la-tecnologia-eolica-marina-en-espana\/\" class=\"more-link\">Continue reading<span class=\"screen-reader-text\"> \u00abESTEYCO INVITADO COMO MODERADOR EN LA JORNADA \u201cPERSPECTIVAS PARA LA TECNOLOG\u00cdA E\u00d3LICA MARINA EN ESPA\u00d1A\u00bb\u00bb<\/span><\/a><\/p>\n","protected":false},"author":2,"featured_media":3381,"comment_status":"open","ping_status":"open","sticky":false,"template":"","format":"standard","meta":{"pgc_sgb_lightbox_settings":""},"categories":[7,21,149,23,26,24],"tags":[],"wps_subtitle":"","_links":{"self":[{"href":"http:\/\/muestra.vansterandlei.com\/es\/wp-json\/wp\/v2\/posts\/3380"}],"collection":[{"href":"http:\/\/muestra.vansterandlei.com\/es\/wp-json\/wp\/v2\/posts"}],"about":[{"href":"http:\/\/muestra.vansterandlei.com\/es\/wp-json\/wp\/v2\/types\/post"}],"author":[{"embeddable":true,"href":"http:\/\/muestra.vansterandlei.com\/es\/wp-json\/wp\/v2\/users\/2"}],"replies":[{"embeddable":true,"href":"http:\/\/muestra.vansterandlei.com\/es\/wp-json\/wp\/v2\/comments?post=3380"}],"version-history":[{"count":0,"href":"http:\/\/muestra.vansterandlei.com\/es\/wp-json\/wp\/v2\/posts\/3380\/revisions"}],"wp:featuredmedia":[{"embeddable":true,"href":"http:\/\/muestra.vansterandlei.com\/es\/wp-json\/wp\/v2\/media\/3381"}],"wp:attachment":[{"href":"http:\/\/muestra.vansterandlei.com\/es\/wp-json\/wp\/v2\/media?parent=3380"}],"wp:term":[{"taxonomy":"category","embeddable":true,"href":"http:\/\/muestra.vansterandlei.com\/es\/wp-json\/wp\/v2\/categories?post=3380"},{"taxonomy":"post_tag","embeddable":true,"href":"http:\/\/muestra.vansterandlei.com\/es\/wp-json\/wp\/v2\/tags?post=3380"}],"curies":[{"name":"wp","href":"https:\/\/api.w.org\/{rel}","templated":true}]}}