{"id":3440,"date":"2017-12-22T08:11:17","date_gmt":"2017-12-22T08:11:17","guid":{"rendered":"http:\/\/muestra.vansterandlei.com\/?p=3440"},"modified":"2018-04-05T08:59:37","modified_gmt":"2018-04-05T08:59:37","slug":"esteyco-finalista-en-la-1o-edicion-del-premio-ciudad-y-territorio-albert-serratosa-con-la-cobertura-del-corredor-ferroviario-y-accesos-a-la-estacion-de-sants-en-barcelona","status":"publish","type":"post","link":"http:\/\/muestra.vansterandlei.com\/es\/esteyco-finalista-en-la-1o-edicion-del-premio-ciudad-y-territorio-albert-serratosa-con-la-cobertura-del-corredor-ferroviario-y-accesos-a-la-estacion-de-sants-en-barcelona\/","title":{"rendered":"ESTEYCO FINALISTA EN LA 1\u00ba EDICI\u00d3N DEL PREMIO CIUDAD Y TERRITORIO, ALBERT SERRATOSA, CON LA COBERTURA DEL CORREDOR FERROVIARIO Y ACCESOS A LA ESTACI\u00d3N DE SANTS, EN BARCELONA."},"content":{"rendered":"El pasado 13 de diciembre tuvo lugar el acto de la primera edici\u00f3n del Premio Ciudad y Territorio Albert Serratosa, en el Colegio de Caminos de Madrid. El acto presidido por Sr. Julio G\u00f3mez-Pomar, Secretario de Estado de Infraestructuras, Sr Juan A. Santamera, presidente de la Fundaci\u00f3n Caminos y Decano del Colegio de Caminos de Madrid, Sr. Arcadio Gil, entre otras personalidades. Con este Premio, se ha querido destacar la figura de Albert Serratosa por su compromiso social y human\u00edstico que consisten en construir un territorio ordenado y habitable para todos.  El premio del certamen fue otorgado al Ayuntamiento de Hospitalet por la Cobertura de la Gran V\u00eda, en el \u00e1mbito de la Plaza de Europa.<\/p>\n<p>Por parte de Esteyco, recogi\u00f3 la menci\u00f3n de Finalista Carlos Garc\u00eda Ac\u00f3n, Director General de Esteyco. <\/p>","protected":false},"excerpt":{"rendered":"<p>El pasado 13 de diciembre tuvo lugar el acto de la primera edici\u00f3n del Premio Ciudad y Territorio Albert Serratosa, en el Colegio de Caminos de Madrid. El acto presidido por Sr. Julio G\u00f3mez-Pomar, Secretario de Estado de Infraestructuras, Sr Juan A. Santamera, presidente de la Fundaci\u00f3n Caminos y Decano del Colegio de Caminos de &hellip; <a href=\"http:\/\/muestra.vansterandlei.com\/es\/esteyco-finalista-en-la-1o-edicion-del-premio-ciudad-y-territorio-albert-serratosa-con-la-cobertura-del-corredor-ferroviario-y-accesos-a-la-estacion-de-sants-en-barcelona\/\" class=\"more-link\">Continue reading<span class=\"screen-reader-text\"> \u00abESTEYCO FINALISTA EN LA 1\u00ba EDICI\u00d3N DEL PREMIO CIUDAD Y TERRITORIO, ALBERT SERRATOSA, CON LA COBERTURA DEL CORREDOR FERROVIARIO Y ACCESOS A LA ESTACI\u00d3N DE SANTS, EN BARCELONA.\u00bb<\/span><\/a><\/p>\n","protected":false},"author":2,"featured_media":3441,"comment_status":"open","ping_status":"open","sticky":false,"template":"","format":"standard","meta":{"pgc_sgb_lightbox_settings":""},"categories":[1],"tags":[],"wps_subtitle":"","_links":{"self":[{"href":"http:\/\/muestra.vansterandlei.com\/es\/wp-json\/wp\/v2\/posts\/3440"}],"collection":[{"href":"http:\/\/muestra.vansterandlei.com\/es\/wp-json\/wp\/v2\/posts"}],"about":[{"href":"http:\/\/muestra.vansterandlei.com\/es\/wp-json\/wp\/v2\/types\/post"}],"author":[{"embeddable":true,"href":"http:\/\/muestra.vansterandlei.com\/es\/wp-json\/wp\/v2\/users\/2"}],"replies":[{"embeddable":true,"href":"http:\/\/muestra.vansterandlei.com\/es\/wp-json\/wp\/v2\/comments?post=3440"}],"version-history":[{"count":0,"href":"http:\/\/muestra.vansterandlei.com\/es\/wp-json\/wp\/v2\/posts\/3440\/revisions"}],"wp:featuredmedia":[{"embeddable":true,"href":"http:\/\/muestra.vansterandlei.com\/es\/wp-json\/wp\/v2\/media\/3441"}],"wp:attachment":[{"href":"http:\/\/muestra.vansterandlei.com\/es\/wp-json\/wp\/v2\/media?parent=3440"}],"wp:term":[{"taxonomy":"category","embeddable":true,"href":"http:\/\/muestra.vansterandlei.com\/es\/wp-json\/wp\/v2\/categories?post=3440"},{"taxonomy":"post_tag","embeddable":true,"href":"http:\/\/muestra.vansterandlei.com\/es\/wp-json\/wp\/v2\/tags?post=3440"}],"curies":[{"name":"wp","href":"https:\/\/api.w.org\/{rel}","templated":true}]}}