{"id":3507,"date":"2018-03-22T10:15:34","date_gmt":"2018-03-22T10:15:34","guid":{"rendered":"http:\/\/muestra.vansterandlei.com\/?p=3507"},"modified":"2018-03-28T06:55:59","modified_gmt":"2018-03-28T06:55:59","slug":"puesta-en-marcha-de-la-torre-de-hormigon-esteyco-weg","status":"publish","type":"post","link":"http:\/\/muestra.vansterandlei.com\/es\/puesta-en-marcha-de-la-torre-de-hormigon-esteyco-weg\/","title":{"rendered":"PUESTA EN MARCHA DE LA TORRE DE HORMIG\u00d3N ESTEYCO -WEG"},"content":{"rendered":"El pasado 01 de marzo de 2018, en el parque e\u00f3lico de Cacimbas 3 (en Brasil), se llev\u00f3 a cabo la puesta en marcha del aerogenerador (de 2,1MW) que se sustenta sobre la torre de hormig\u00f3n dise\u00f1ada por Esteyco para WEG. Previamente, el 27 de febrero, se hab\u00eda llevado a cabo la prueba de sobre velocidad.<br \/>\nLa torre consta de 5 tramos que se componen de un total de 17 dovelas de hormig\u00f3n y un adaptador met\u00e1lico que dan lugar a 120 mts de altura de buje.<\/p>\n<p>A fecha de hoy, dos torres m\u00e1s han entrado ya en funcionamiento y se prev\u00e9 que a finales de marzo est\u00e9n operativas las 7 torres correspondientes al Parque E\u00f3lico de Cacimbas 3.<\/p>\n<p>El objeto de la colaboraci\u00f3n entre ambas empresas, WEG y Esteyco, es la construcci\u00f3n de dos complejos e\u00f3licos que suman un total de 399MW de potencia instalada:<br \/>\nPor un lado, el complexo E\u00f3lico Cut\u00eda e Bento Miguel, compuesto de 13 PPEE con un total de 149 torres, situado en el estado de R\u00edo Grande Do Norte.<br \/>\nY por otro, el complexo E\u00f3lico Bons Ventos Da Serra 2: con 5 PPEE y un total de 41 torres, en el estado de Cear\u00e1.","protected":false},"excerpt":{"rendered":"<p>El pasado 01 de marzo de 2018, en el parque e\u00f3lico de Cacimbas 3 (en Brasil), se llev\u00f3 a cabo la puesta en marcha del aerogenerador (de 2,1MW) que se sustenta sobre la torre de hormig\u00f3n dise\u00f1ada por Esteyco para WEG. Previamente, el 27 de febrero, se hab\u00eda llevado a cabo la prueba de sobre &hellip; <a href=\"http:\/\/muestra.vansterandlei.com\/es\/puesta-en-marcha-de-la-torre-de-hormigon-esteyco-weg\/\" class=\"more-link\">Continue reading<span class=\"screen-reader-text\"> \u00abPUESTA EN MARCHA DE LA TORRE DE HORMIG\u00d3N ESTEYCO -WEG\u00bb<\/span><\/a><\/p>\n","protected":false},"author":2,"featured_media":3508,"comment_status":"open","ping_status":"open","sticky":false,"template":"","format":"standard","meta":{"pgc_sgb_lightbox_settings":""},"categories":[7,21,154,12,149,5,13,14,26,22],"tags":[],"wps_subtitle":"","_links":{"self":[{"href":"http:\/\/muestra.vansterandlei.com\/es\/wp-json\/wp\/v2\/posts\/3507"}],"collection":[{"href":"http:\/\/muestra.vansterandlei.com\/es\/wp-json\/wp\/v2\/posts"}],"about":[{"href":"http:\/\/muestra.vansterandlei.com\/es\/wp-json\/wp\/v2\/types\/post"}],"author":[{"embeddable":true,"href":"http:\/\/muestra.vansterandlei.com\/es\/wp-json\/wp\/v2\/users\/2"}],"replies":[{"embeddable":true,"href":"http:\/\/muestra.vansterandlei.com\/es\/wp-json\/wp\/v2\/comments?post=3507"}],"version-history":[{"count":0,"href":"http:\/\/muestra.vansterandlei.com\/es\/wp-json\/wp\/v2\/posts\/3507\/revisions"}],"wp:featuredmedia":[{"embeddable":true,"href":"http:\/\/muestra.vansterandlei.com\/es\/wp-json\/wp\/v2\/media\/3508"}],"wp:attachment":[{"href":"http:\/\/muestra.vansterandlei.com\/es\/wp-json\/wp\/v2\/media?parent=3507"}],"wp:term":[{"taxonomy":"category","embeddable":true,"href":"http:\/\/muestra.vansterandlei.com\/es\/wp-json\/wp\/v2\/categories?post=3507"},{"taxonomy":"post_tag","embeddable":true,"href":"http:\/\/muestra.vansterandlei.com\/es\/wp-json\/wp\/v2\/tags?post=3507"}],"curies":[{"name":"wp","href":"https:\/\/api.w.org\/{rel}","templated":true}]}}