{"id":3530,"date":"2018-03-28T06:55:43","date_gmt":"2018-03-28T06:55:43","guid":{"rendered":"http:\/\/muestra.vansterandlei.com\/?p=3530"},"modified":"2018-04-13T12:57:18","modified_gmt":"2018-04-13T12:57:18","slug":"cdti-aprueba-el-proyecto-de-investigacion-y-desarrollo-para-la-construccion-de-la-plataforma-tim","status":"publish","type":"post","link":"http:\/\/muestra.vansterandlei.com\/es\/cdti-aprueba-el-proyecto-de-investigacion-y-desarrollo-para-la-construccion-de-la-plataforma-tim\/","title":{"rendered":"CDTI APRUEBA EL PROYECTO DE INVESTIGACI\u00d3N Y DESARROLLO PARA LA CONSTRUCCI\u00d3N DE LA PLATAFORMA TIM"},"content":{"rendered":"A principios de este mes de marzo, CDTI aprob\u00f3 la subvenci\u00f3n para el dise\u00f1o y construcci\u00f3n de una plataforma para el Transporte (T), Instalaci\u00f3n (I) y Mantenimiento (M) de estructuras offshore de gravedad con un presupuesto total de 2,4 M\u20ac. <\/p>\n<p>El objetivo t\u00e9cnico del proyecto es el desarrollo de un nuevo producto: una plataforma met\u00e1lica modular, con capacidad para acoplarse a una estructura instalada en el mar, y permitir, de forma relativamente sencilla, el transporte, instalaci\u00f3n y mantenimiento de \u00e9sta.<\/p>\n<p>La plataforma TIM aprovechar\u00e1 para su demostraci\u00f3n un prototipo de torre e\u00f3lica offshore a escala real (proyecto ELICAN), actualmente en construcci\u00f3n con fondos europeos en Las Palmas, validando as\u00ed la tecnolog\u00eda para su introducci\u00f3n en el mercado y posterior comercializaci\u00f3n. Dicho sistema se utilizar\u00e1 para aumentar la estabilidad durante el transporte y finalmente la instalaci\u00f3n del prototipo ELICAN en el \u00e1rea de ensayos de PLOCAN.<br \/>","protected":false},"excerpt":{"rendered":"<p>A principios de este mes de marzo, CDTI aprob\u00f3 la subvenci\u00f3n para el dise\u00f1o y construcci\u00f3n de una plataforma para el Transporte (T), Instalaci\u00f3n (I) y Mantenimiento (M) de estructuras offshore de gravedad con un presupuesto total de 2,4 M\u20ac. El objetivo t\u00e9cnico del proyecto es el desarrollo de un nuevo producto: una plataforma met\u00e1lica &hellip; <a href=\"http:\/\/muestra.vansterandlei.com\/es\/cdti-aprueba-el-proyecto-de-investigacion-y-desarrollo-para-la-construccion-de-la-plataforma-tim\/\" class=\"more-link\">Continue reading<span class=\"screen-reader-text\"> \u00abCDTI APRUEBA EL PROYECTO DE INVESTIGACI\u00d3N Y DESARROLLO PARA LA CONSTRUCCI\u00d3N DE LA PLATAFORMA TIM\u00bb<\/span><\/a><\/p>\n","protected":false},"author":2,"featured_media":3531,"comment_status":"open","ping_status":"open","sticky":false,"template":"","format":"standard","meta":{"pgc_sgb_lightbox_settings":""},"categories":[7,21,154,12,149,5,156,23,155,22],"tags":[],"wps_subtitle":"","_links":{"self":[{"href":"http:\/\/muestra.vansterandlei.com\/es\/wp-json\/wp\/v2\/posts\/3530"}],"collection":[{"href":"http:\/\/muestra.vansterandlei.com\/es\/wp-json\/wp\/v2\/posts"}],"about":[{"href":"http:\/\/muestra.vansterandlei.com\/es\/wp-json\/wp\/v2\/types\/post"}],"author":[{"embeddable":true,"href":"http:\/\/muestra.vansterandlei.com\/es\/wp-json\/wp\/v2\/users\/2"}],"replies":[{"embeddable":true,"href":"http:\/\/muestra.vansterandlei.com\/es\/wp-json\/wp\/v2\/comments?post=3530"}],"version-history":[{"count":0,"href":"http:\/\/muestra.vansterandlei.com\/es\/wp-json\/wp\/v2\/posts\/3530\/revisions"}],"wp:featuredmedia":[{"embeddable":true,"href":"http:\/\/muestra.vansterandlei.com\/es\/wp-json\/wp\/v2\/media\/3531"}],"wp:attachment":[{"href":"http:\/\/muestra.vansterandlei.com\/es\/wp-json\/wp\/v2\/media?parent=3530"}],"wp:term":[{"taxonomy":"category","embeddable":true,"href":"http:\/\/muestra.vansterandlei.com\/es\/wp-json\/wp\/v2\/categories?post=3530"},{"taxonomy":"post_tag","embeddable":true,"href":"http:\/\/muestra.vansterandlei.com\/es\/wp-json\/wp\/v2\/tags?post=3530"}],"curies":[{"name":"wp","href":"https:\/\/api.w.org\/{rel}","templated":true}]}}