{"id":3536,"date":"2018-04-03T14:46:58","date_gmt":"2018-04-03T14:46:58","guid":{"rendered":"http:\/\/muestra.vansterandlei.com\/?p=3536"},"modified":"2018-05-10T10:55:03","modified_gmt":"2018-05-10T10:55:03","slug":"esteyco-participara-en-la-feria-african-utility-week-bajo-el-paraguas-de-la-comision-europea","status":"publish","type":"post","link":"http:\/\/muestra.vansterandlei.com\/es\/esteyco-participara-en-la-feria-african-utility-week-bajo-el-paraguas-de-la-comision-europea\/","title":{"rendered":"ESTEYCO PARTICIPAR\u00c1 EN LA FERIA AFRICAN UTILITY WEEK BAJO EL PARAGUAS DE LA COMISI\u00d3N EUROPEA"},"content":{"rendered":"Del 15 al 17 de mayo de 2018 se celebrar\u00e1 en Cape Town (Sud\u00e1frica) uno de los eventos del sector energ\u00e9tico m\u00e1s importantes del pa\u00eds. ESTEYCO participar\u00e1 como expositor en el evento presentando los \u00faltimos proyectos, capacidades y avances realizados por la empresa en el sector e\u00f3lico offshore y onshore, siendo la tecnolog\u00eda ELISA (GA 674741- SME Instrument) la principal protagonista. Desde nuestro stand, dentro del pabell\u00f3n organizado por la Comisi\u00f3n Europea para proyectos subvencionados por el H2020, se mostrar\u00e1n v\u00eddeos y se facilitar\u00e1 informaci\u00f3n a los asistentes sobre los distintos proyectos de Esteyco.<br \/>\nGracias a la agencia europea EASME y a la organizaci\u00f3n del \u201cOverseas Trade Fair Programme\u201d, ESTEYCO tendr\u00e1 la oportunidad de mantener reuniones con importantes empresas del sector e\u00f3lico sudafricano; entre ellas desarrolladores de parques, constructores del sector e\u00f3lico, fabricantes de turbinas, etc.<br \/>","protected":false},"excerpt":{"rendered":"<p>Del 15 al 17 de mayo de 2018 se celebrar\u00e1 en Cape Town (Sud\u00e1frica) uno de los eventos del sector energ\u00e9tico m\u00e1s importantes del pa\u00eds. ESTEYCO participar\u00e1 como expositor en el evento presentando los \u00faltimos proyectos, capacidades y avances realizados por la empresa en el sector e\u00f3lico offshore y onshore, siendo la tecnolog\u00eda ELISA (GA &hellip; <a href=\"http:\/\/muestra.vansterandlei.com\/es\/esteyco-participara-en-la-feria-african-utility-week-bajo-el-paraguas-de-la-comision-europea\/\" class=\"more-link\">Continue reading<span class=\"screen-reader-text\"> \u00abESTEYCO PARTICIPAR\u00c1 EN LA FERIA AFRICAN UTILITY WEEK BAJO EL PARAGUAS DE LA COMISI\u00d3N EUROPEA\u00bb<\/span><\/a><\/p>\n","protected":false},"author":2,"featured_media":3537,"comment_status":"open","ping_status":"open","sticky":false,"template":"","format":"standard","meta":{"pgc_sgb_lightbox_settings":""},"categories":[7,21,154,12,149,5,156,23,155,22],"tags":[],"wps_subtitle":"","_links":{"self":[{"href":"http:\/\/muestra.vansterandlei.com\/es\/wp-json\/wp\/v2\/posts\/3536"}],"collection":[{"href":"http:\/\/muestra.vansterandlei.com\/es\/wp-json\/wp\/v2\/posts"}],"about":[{"href":"http:\/\/muestra.vansterandlei.com\/es\/wp-json\/wp\/v2\/types\/post"}],"author":[{"embeddable":true,"href":"http:\/\/muestra.vansterandlei.com\/es\/wp-json\/wp\/v2\/users\/2"}],"replies":[{"embeddable":true,"href":"http:\/\/muestra.vansterandlei.com\/es\/wp-json\/wp\/v2\/comments?post=3536"}],"version-history":[{"count":0,"href":"http:\/\/muestra.vansterandlei.com\/es\/wp-json\/wp\/v2\/posts\/3536\/revisions"}],"wp:featuredmedia":[{"embeddable":true,"href":"http:\/\/muestra.vansterandlei.com\/es\/wp-json\/wp\/v2\/media\/3537"}],"wp:attachment":[{"href":"http:\/\/muestra.vansterandlei.com\/es\/wp-json\/wp\/v2\/media?parent=3536"}],"wp:term":[{"taxonomy":"category","embeddable":true,"href":"http:\/\/muestra.vansterandlei.com\/es\/wp-json\/wp\/v2\/categories?post=3536"},{"taxonomy":"post_tag","embeddable":true,"href":"http:\/\/muestra.vansterandlei.com\/es\/wp-json\/wp\/v2\/tags?post=3536"}],"curies":[{"name":"wp","href":"https:\/\/api.w.org\/{rel}","templated":true}]}}