{"id":3551,"date":"2018-04-13T12:56:09","date_gmt":"2018-04-13T12:56:09","guid":{"rendered":"http:\/\/muestra.vansterandlei.com\/?p=3551"},"modified":"2018-06-25T08:26:52","modified_gmt":"2018-06-25T08:26:52","slug":"embarque-y-recepcion-de-las-estructuras-del-tim","status":"publish","type":"post","link":"http:\/\/muestra.vansterandlei.com\/es\/embarque-y-recepcion-de-las-estructuras-del-tim\/","title":{"rendered":"TRASLADO DE LA PLATAFORMA TIM, PARA ACOPLARLA AL PROTOTIPO ELISA\/ELICAN"},"content":{"rendered":"El pasado 7 de abril desde el Puerto de Punta Langosteira (A Coru\u00f1a) se realiz\u00f3 la operaci\u00f3n de embarque de las estructuras met\u00e1licas y los flotadores de la plataforma TIM (financiada por el CDTI), que es pieza clave para la operaci\u00f3n de instalaci\u00f3n del prototipo Offshore Mario Luis Romero Torrent, fruto de los proyectos ELISA y ELICAN que est\u00e1n financiados por el marco europeo H2020. Las tecnolog\u00edas de torre offshore y de plataforma TIM son desarrollos patentados de Esteyco que buscan reducir los costes de instalaci\u00f3n de torres e\u00f3licas marinas.<\/p>\n<p>La llegada al Puerto de Las Palmas de Gran Canaria se produjo el d\u00eda 10 de abril y se procedi\u00f3 a la descarga de las nueve estructuras y un contenedor, con un peso total de 400 toneladas. La fabricaci\u00f3n de la plataforma TIM fue encargada a Horta Coslada, que aprovech\u00f3 sus instalaciones junto al Puerto de Punta Langosteira.<\/p>\n<p><a href=\"https:\/\/youtu.be\/H2gaH_SpN74\" rel=\"noopener\" target=\"_blank\">Link Video<\/a>","protected":false},"excerpt":{"rendered":"<p>El pasado 7 de abril desde el Puerto de Punta Langosteira (A Coru\u00f1a) se realiz\u00f3 la operaci\u00f3n de embarque de las estructuras met\u00e1licas y los flotadores de la plataforma TIM (financiada por el CDTI), que es pieza clave para la operaci\u00f3n de instalaci\u00f3n del prototipo Offshore Mario Luis Romero Torrent, fruto de los proyectos ELISA &hellip; <a href=\"http:\/\/muestra.vansterandlei.com\/es\/embarque-y-recepcion-de-las-estructuras-del-tim\/\" class=\"more-link\">Continue reading<span class=\"screen-reader-text\"> \u00abTRASLADO DE LA PLATAFORMA TIM, PARA ACOPLARLA AL PROTOTIPO ELISA\/ELICAN\u00bb<\/span><\/a><\/p>\n","protected":false},"author":2,"featured_media":3555,"comment_status":"open","ping_status":"open","sticky":false,"template":"","format":"standard","meta":{"pgc_sgb_lightbox_settings":""},"categories":[7,21,154,12,149,5,156,8,23,155,22],"tags":[],"wps_subtitle":"","_links":{"self":[{"href":"http:\/\/muestra.vansterandlei.com\/es\/wp-json\/wp\/v2\/posts\/3551"}],"collection":[{"href":"http:\/\/muestra.vansterandlei.com\/es\/wp-json\/wp\/v2\/posts"}],"about":[{"href":"http:\/\/muestra.vansterandlei.com\/es\/wp-json\/wp\/v2\/types\/post"}],"author":[{"embeddable":true,"href":"http:\/\/muestra.vansterandlei.com\/es\/wp-json\/wp\/v2\/users\/2"}],"replies":[{"embeddable":true,"href":"http:\/\/muestra.vansterandlei.com\/es\/wp-json\/wp\/v2\/comments?post=3551"}],"version-history":[{"count":0,"href":"http:\/\/muestra.vansterandlei.com\/es\/wp-json\/wp\/v2\/posts\/3551\/revisions"}],"wp:featuredmedia":[{"embeddable":true,"href":"http:\/\/muestra.vansterandlei.com\/es\/wp-json\/wp\/v2\/media\/3555"}],"wp:attachment":[{"href":"http:\/\/muestra.vansterandlei.com\/es\/wp-json\/wp\/v2\/media?parent=3551"}],"wp:term":[{"taxonomy":"category","embeddable":true,"href":"http:\/\/muestra.vansterandlei.com\/es\/wp-json\/wp\/v2\/categories?post=3551"},{"taxonomy":"post_tag","embeddable":true,"href":"http:\/\/muestra.vansterandlei.com\/es\/wp-json\/wp\/v2\/tags?post=3551"}],"curies":[{"name":"wp","href":"https:\/\/api.w.org\/{rel}","templated":true}]}}