{"id":3678,"date":"2018-09-13T10:06:39","date_gmt":"2018-09-13T10:06:39","guid":{"rendered":"http:\/\/muestra.vansterandlei.com\/?p=3678"},"modified":"2018-09-27T10:04:59","modified_gmt":"2018-09-27T10:04:59","slug":"video-resumen-proyecto-elican","status":"publish","type":"post","link":"http:\/\/muestra.vansterandlei.com\/es\/video-resumen-proyecto-elican\/","title":{"rendered":"V\u00cdDEO RESUMEN PROYECTO ELICAN"},"content":{"rendered":"Resumen del proceso de construcci\u00f3n e instalaci\u00f3n del prototipo de aerogenerador marino con la pionera tecnolog\u00eda ELISA desarrollada y patentada por ESTEYCO.<br \/>\nPrimer aerogenerador apoyado en el fondo marino en el sur de Europa, y primero en el mundo que se ha instalado sin requerir gr\u00faas marinas. <\/p>\n<p>https:\/\/vimeo.com\/289829859","protected":false},"excerpt":{"rendered":"<p>Resumen del proceso de construcci\u00f3n e instalaci\u00f3n del prototipo de aerogenerador marino con la pionera tecnolog\u00eda ELISA desarrollada y patentada por ESTEYCO. Primer aerogenerador apoyado en el fondo marino en el sur de Europa, y primero en el mundo que se ha instalado sin requerir gr\u00faas marinas. https:\/\/vimeo.com\/289829859<\/p>\n","protected":false},"author":2,"featured_media":3680,"comment_status":"open","ping_status":"open","sticky":false,"template":"","format":"standard","meta":{"pgc_sgb_lightbox_settings":""},"categories":[158,27,157,7,21,154,12,160,149,5,156,161,159,155,22],"tags":[],"wps_subtitle":"","_links":{"self":[{"href":"http:\/\/muestra.vansterandlei.com\/es\/wp-json\/wp\/v2\/posts\/3678"}],"collection":[{"href":"http:\/\/muestra.vansterandlei.com\/es\/wp-json\/wp\/v2\/posts"}],"about":[{"href":"http:\/\/muestra.vansterandlei.com\/es\/wp-json\/wp\/v2\/types\/post"}],"author":[{"embeddable":true,"href":"http:\/\/muestra.vansterandlei.com\/es\/wp-json\/wp\/v2\/users\/2"}],"replies":[{"embeddable":true,"href":"http:\/\/muestra.vansterandlei.com\/es\/wp-json\/wp\/v2\/comments?post=3678"}],"version-history":[{"count":0,"href":"http:\/\/muestra.vansterandlei.com\/es\/wp-json\/wp\/v2\/posts\/3678\/revisions"}],"wp:featuredmedia":[{"embeddable":true,"href":"http:\/\/muestra.vansterandlei.com\/es\/wp-json\/wp\/v2\/media\/3680"}],"wp:attachment":[{"href":"http:\/\/muestra.vansterandlei.com\/es\/wp-json\/wp\/v2\/media?parent=3678"}],"wp:term":[{"taxonomy":"category","embeddable":true,"href":"http:\/\/muestra.vansterandlei.com\/es\/wp-json\/wp\/v2\/categories?post=3678"},{"taxonomy":"post_tag","embeddable":true,"href":"http:\/\/muestra.vansterandlei.com\/es\/wp-json\/wp\/v2\/tags?post=3678"}],"curies":[{"name":"wp","href":"https:\/\/api.w.org\/{rel}","templated":true}]}}