{"id":3748,"date":"2018-11-15T08:00:19","date_gmt":"2018-11-15T08:00:19","guid":{"rendered":"http:\/\/muestra.vansterandlei.com\/?p=3748"},"modified":"2019-04-11T12:23:31","modified_gmt":"2019-04-11T12:23:31","slug":"javier-rui-wamba-clausura-el-ano-academico-de-la-real-academia-de-ingenieria","status":"publish","type":"post","link":"http:\/\/muestra.vansterandlei.com\/es\/javier-rui-wamba-clausura-el-ano-academico-de-la-real-academia-de-ingenieria\/","title":{"rendered":"JAVIER RUI-WAMBA CLAUSURA EL A\u00d1O ACAD\u00c9MICO DE LA REAL ACADEMIA DE INGENIER\u00cdA."},"content":{"rendered":"El pasado 23 de octubre de 2018, Javier Rui-Wamba realiz\u00f3 el discurso de clausura del a\u00f1o acad\u00e9mico 2018-2017.<\/p>\n<p>El acto estuvo presidido por El Excmo. Sr. D. El\u00edas Fereres. Presidente de la Real Academia de Ingenier\u00eda, que fue el encargado de la apertura del acto.<br \/>\nLa lectura de la Memoria Anual fue expuesta por el Excmo. Sr. D. Antonio Colino. Secretario General de la Real Academia de Ingenier\u00eda.<\/p>\n<p>Javier Rui-Wamba present\u00f3 la Conferencia Magistral \u201c20 a\u00f1os despu\u00e9s\u2026\u201d el t\u00edtulo de la conferencia es debido al a\u00f1o en que Javier Rui-Wamba tom\u00f3 posesi\u00f3n de la Medalla n\u00ba XXXVI en marzo de 1998.","protected":false},"excerpt":{"rendered":"<p>El pasado 23 de octubre de 2018, Javier Rui-Wamba realiz\u00f3 el discurso de clausura del a\u00f1o acad\u00e9mico 2018-2017. El acto estuvo presidido por El Excmo. Sr. D. El\u00edas Fereres. Presidente de la Real Academia de Ingenier\u00eda, que fue el encargado de la apertura del acto. La lectura de la Memoria Anual fue expuesta por el &hellip; <a href=\"http:\/\/muestra.vansterandlei.com\/es\/javier-rui-wamba-clausura-el-ano-academico-de-la-real-academia-de-ingenieria\/\" class=\"more-link\">Continue reading<span class=\"screen-reader-text\"> \u00abJAVIER RUI-WAMBA CLAUSURA EL A\u00d1O ACAD\u00c9MICO DE LA REAL ACADEMIA DE INGENIER\u00cdA.\u00bb<\/span><\/a><\/p>\n","protected":false},"author":2,"featured_media":3747,"comment_status":"open","ping_status":"open","sticky":false,"template":"","format":"standard","meta":{"pgc_sgb_lightbox_settings":""},"categories":[7,21,154,12,10,149,5,13,156,167,11,14,161,155,9],"tags":[],"wps_subtitle":"","_links":{"self":[{"href":"http:\/\/muestra.vansterandlei.com\/es\/wp-json\/wp\/v2\/posts\/3748"}],"collection":[{"href":"http:\/\/muestra.vansterandlei.com\/es\/wp-json\/wp\/v2\/posts"}],"about":[{"href":"http:\/\/muestra.vansterandlei.com\/es\/wp-json\/wp\/v2\/types\/post"}],"author":[{"embeddable":true,"href":"http:\/\/muestra.vansterandlei.com\/es\/wp-json\/wp\/v2\/users\/2"}],"replies":[{"embeddable":true,"href":"http:\/\/muestra.vansterandlei.com\/es\/wp-json\/wp\/v2\/comments?post=3748"}],"version-history":[{"count":0,"href":"http:\/\/muestra.vansterandlei.com\/es\/wp-json\/wp\/v2\/posts\/3748\/revisions"}],"wp:featuredmedia":[{"embeddable":true,"href":"http:\/\/muestra.vansterandlei.com\/es\/wp-json\/wp\/v2\/media\/3747"}],"wp:attachment":[{"href":"http:\/\/muestra.vansterandlei.com\/es\/wp-json\/wp\/v2\/media?parent=3748"}],"wp:term":[{"taxonomy":"category","embeddable":true,"href":"http:\/\/muestra.vansterandlei.com\/es\/wp-json\/wp\/v2\/categories?post=3748"},{"taxonomy":"post_tag","embeddable":true,"href":"http:\/\/muestra.vansterandlei.com\/es\/wp-json\/wp\/v2\/tags?post=3748"}],"curies":[{"name":"wp","href":"https:\/\/api.w.org\/{rel}","templated":true}]}}