{"id":3805,"date":"2019-02-27T09:56:50","date_gmt":"2019-02-27T09:56:50","guid":{"rendered":"http:\/\/muestra.vansterandlei.com\/?p=3805"},"modified":"2019-03-18T11:29:41","modified_gmt":"2019-03-18T11:29:41","slug":"jornada-tecnica-de-presentacion-de-los-proyectos-europeos-elisa-elican-project-telwind-project","status":"publish","type":"post","link":"http:\/\/muestra.vansterandlei.com\/es\/jornada-tecnica-de-presentacion-de-los-proyectos-europeos-elisa-elican-project-telwind-project\/","title":{"rendered":"JORNADA T\u00c9CNICA DE PRESENTACI\u00d3N DE LOS PROYECTOS EUROPEOS  ELISA\/ELICAN PROJECT &#038; TELWIND PROJECT"},"content":{"rendered":"El pr\u00f3ximo jueves 7 de marzo a las 10h tendr\u00e1 lugar la jornada t\u00e9cnica de presentaci\u00f3n de los proyectos europeos Elisa\/Elican y Telwind en el Centro de Estudios de T\u00e9cnicas Aplicadas (CETA), en colaboraci\u00f3n con El Ministerio de Transici\u00f3n Ecol\u00f3gica y el Centro de Estudios y Experimentaci\u00f3n de Obras P\u00fablicas &#8211; CEDEX-. El acto estar\u00e1 presidido por\u00a0 el Secretario de Estado de Infraestructuras, Transporte y Vivienda. Ministerio de Fomento y Presidente del CEDEX D. Pedro Saura Garc\u00eda\u00a0y participaran:<\/p>\n<p>Jos\u00e9 Trigueros Rodrigo, Director del CEDEX<br \/>\nJavier Rui -Wamba, Presidente de Esteyco<br \/>\nCarlos Garc\u00eda Ac\u00f3n, Director General de Esteyco<br \/>\nJos\u00e9 Serna, Director de Tecnolog\u00eda de Esteyco<br \/>\nM\u00ba Luisa Revilla, Delegada Comit\u00e9 de Programa RS-3 Energ\u00eda H2020 del CDTI<br \/>\nRam\u00f3n M\u00ba Guti\u00e9rrez Serret, Director del CEPYC<br \/>\nJos\u00e9 M\u00ba Vald\u00e9s, Director del Laboratorio de Experimentaci\u00f3n Mar\u00edtima del CEPYC<br \/>\nC\u00e9sar Guti\u00e9rrez Revilla, Jefe de Instrumentaci\u00f3n del Laboratorio del CEPYC<br \/>\nJes\u00fas Fern\u00e1ndez Prisuelos, Coordinador de Programa T-C del CEPYC<\/p>\n<p>Centro de Estudios de T\u00e9cnicas Aplicadas (CETA)<br \/>\ndel CEDEX. C\/ Alfonso XII, 3. 28014 Madrid<br \/>\n7 de marzo de 2019, de 10 a 14 horas<\/p>\n<p><a href=\"http:\/\/muestra.vansterandlei.com\/wp-content\/uploads\/2019\/02\/Programa-Jornada-ELISA_ELICAN_TELWIND.pdf\">Programa Jornada ELISA_ELICAN_TELWIND<\/a>","protected":false},"excerpt":{"rendered":"<p>El pr\u00f3ximo jueves 7 de marzo a las 10h tendr\u00e1 lugar la jornada t\u00e9cnica de presentaci\u00f3n de los proyectos europeos Elisa\/Elican y Telwind en el Centro de Estudios de T\u00e9cnicas Aplicadas (CETA), en colaboraci\u00f3n con El Ministerio de Transici\u00f3n Ecol\u00f3gica y el Centro de Estudios y Experimentaci\u00f3n de Obras P\u00fablicas &#8211; CEDEX-. El acto estar\u00e1 &hellip; <a href=\"http:\/\/muestra.vansterandlei.com\/es\/jornada-tecnica-de-presentacion-de-los-proyectos-europeos-elisa-elican-project-telwind-project\/\" class=\"more-link\">Continue reading<span class=\"screen-reader-text\"> \u00abJORNADA T\u00c9CNICA DE PRESENTACI\u00d3N DE LOS PROYECTOS EUROPEOS  ELISA\/ELICAN PROJECT &#038; TELWIND PROJECT\u00bb<\/span><\/a><\/p>\n","protected":false},"author":1,"featured_media":3808,"comment_status":"open","ping_status":"open","sticky":false,"template":"","format":"standard","meta":{"pgc_sgb_lightbox_settings":""},"categories":[168,157,7,154,12,160,149,156,167,23,159,155,163,22],"tags":[],"wps_subtitle":"","_links":{"self":[{"href":"http:\/\/muestra.vansterandlei.com\/es\/wp-json\/wp\/v2\/posts\/3805"}],"collection":[{"href":"http:\/\/muestra.vansterandlei.com\/es\/wp-json\/wp\/v2\/posts"}],"about":[{"href":"http:\/\/muestra.vansterandlei.com\/es\/wp-json\/wp\/v2\/types\/post"}],"author":[{"embeddable":true,"href":"http:\/\/muestra.vansterandlei.com\/es\/wp-json\/wp\/v2\/users\/1"}],"replies":[{"embeddable":true,"href":"http:\/\/muestra.vansterandlei.com\/es\/wp-json\/wp\/v2\/comments?post=3805"}],"version-history":[{"count":0,"href":"http:\/\/muestra.vansterandlei.com\/es\/wp-json\/wp\/v2\/posts\/3805\/revisions"}],"wp:featuredmedia":[{"embeddable":true,"href":"http:\/\/muestra.vansterandlei.com\/es\/wp-json\/wp\/v2\/media\/3808"}],"wp:attachment":[{"href":"http:\/\/muestra.vansterandlei.com\/es\/wp-json\/wp\/v2\/media?parent=3805"}],"wp:term":[{"taxonomy":"category","embeddable":true,"href":"http:\/\/muestra.vansterandlei.com\/es\/wp-json\/wp\/v2\/categories?post=3805"},{"taxonomy":"post_tag","embeddable":true,"href":"http:\/\/muestra.vansterandlei.com\/es\/wp-json\/wp\/v2\/tags?post=3805"}],"curies":[{"name":"wp","href":"https:\/\/api.w.org\/{rel}","templated":true}]}}