{"id":3930,"date":"2019-05-07T09:49:23","date_gmt":"2019-05-07T09:49:23","guid":{"rendered":"http:\/\/muestra.vansterandlei.com\/?p=3930"},"modified":"2019-05-22T06:23:16","modified_gmt":"2019-05-22T06:23:16","slug":"esteyco-presenta-la-culminacion-del-proyecto-elican-en-la-feria-wind-europe-2019-bilbao","status":"publish","type":"post","link":"http:\/\/muestra.vansterandlei.com\/es\/esteyco-presenta-la-culminacion-del-proyecto-elican-en-la-feria-wind-europe-2019-bilbao\/","title":{"rendered":"ESTEYCO PRESENTA LA CULMINACI\u00d3N DEL PROYECTO ELICAN EN LA FERIA WIND EUROPE 2019 (BILBAO)"},"content":{"rendered":"Tras haber sido seleccionado para ello, el pasado mes de abril, nuestro CTO, Jos\u00e9 Serna, realiz\u00f3 una ponencia sobre la tecnolog\u00eda ELISA en la Feria Wind Europe 2019 (Bilbao) y, en particular, sobre la culminaci\u00f3n con \u00e9xito del proyecto ELICAN.<\/p>\n<p>La tecnolog\u00eda ELISA combina una cimentaci\u00f3n flotante y una torre telesc\u00f3pica. Durante el transporte mar\u00edtimo, la base act\u00faa como una barcaza flotante y la torre telesc\u00f3pica se retrae para garantizar la estabilidad durante la flotaci\u00f3n. Para la instalaci\u00f3n, la base de la estructura de soporte se baja al fondo marino y se extiende la torre telesc\u00f3pica. Por lo tanto, permite que la torre e\u00f3lica sea \u00edntegramente montada en puerto, incluyendo el aerogenerador.<\/p>\n<p>Por su lado, el proyecto ELICAN ha consistido en la construcci\u00f3n e instalaci\u00f3n en Gran Canaria de un prototipo a escala real de la tecnolog\u00eda, con una turbina de 5 MW. Esta torre es la primera del mundo instalada en el mar sin requerir los grandes buques o gr\u00faas marinas empleados en la actualidad al efecto, y que son costosos y escasos.<br \/>\nEn la feria, adem\u00e1s, T\u00dcV S\u00dcD aprovech\u00f3 para hacer entrega oficial del certificado del proyecto, que han estado evaluando durante los 3 a\u00f1os de duraci\u00f3n del mismo.<\/p>\n<p><a href=\"https:\/\/www.ahk.es\/es\/actualidad\/noticias\/noticias-detalles\/tuev-sued-certifica-la-estructura-de-soporte-flotante-de-esteyco-para-aerogeneradores-marinos\/\">Fuente AHK<\/a><br \/>","protected":false},"excerpt":{"rendered":"<p>Tras haber sido seleccionado para ello, el pasado mes de abril, nuestro CTO, Jos\u00e9 Serna, realiz\u00f3 una ponencia sobre la tecnolog\u00eda ELISA en la Feria Wind Europe 2019 (Bilbao) y, en particular, sobre la culminaci\u00f3n con \u00e9xito del proyecto ELICAN. La tecnolog\u00eda ELISA combina una cimentaci\u00f3n flotante y una torre telesc\u00f3pica. Durante el transporte mar\u00edtimo, &hellip; <a href=\"http:\/\/muestra.vansterandlei.com\/es\/esteyco-presenta-la-culminacion-del-proyecto-elican-en-la-feria-wind-europe-2019-bilbao\/\" class=\"more-link\">Continue reading<span class=\"screen-reader-text\"> \u00abESTEYCO PRESENTA LA CULMINACI\u00d3N DEL PROYECTO ELICAN EN LA FERIA WIND EUROPE 2019 (BILBAO)\u00bb<\/span><\/a><\/p>\n","protected":false},"author":1,"featured_media":3931,"comment_status":"open","ping_status":"open","sticky":false,"template":"","format":"standard","meta":{"pgc_sgb_lightbox_settings":""},"categories":[158,157,7,21,154,12,160,149,5,156,161,159,22],"tags":[],"wps_subtitle":"","_links":{"self":[{"href":"http:\/\/muestra.vansterandlei.com\/es\/wp-json\/wp\/v2\/posts\/3930"}],"collection":[{"href":"http:\/\/muestra.vansterandlei.com\/es\/wp-json\/wp\/v2\/posts"}],"about":[{"href":"http:\/\/muestra.vansterandlei.com\/es\/wp-json\/wp\/v2\/types\/post"}],"author":[{"embeddable":true,"href":"http:\/\/muestra.vansterandlei.com\/es\/wp-json\/wp\/v2\/users\/1"}],"replies":[{"embeddable":true,"href":"http:\/\/muestra.vansterandlei.com\/es\/wp-json\/wp\/v2\/comments?post=3930"}],"version-history":[{"count":0,"href":"http:\/\/muestra.vansterandlei.com\/es\/wp-json\/wp\/v2\/posts\/3930\/revisions"}],"wp:featuredmedia":[{"embeddable":true,"href":"http:\/\/muestra.vansterandlei.com\/es\/wp-json\/wp\/v2\/media\/3931"}],"wp:attachment":[{"href":"http:\/\/muestra.vansterandlei.com\/es\/wp-json\/wp\/v2\/media?parent=3930"}],"wp:term":[{"taxonomy":"category","embeddable":true,"href":"http:\/\/muestra.vansterandlei.com\/es\/wp-json\/wp\/v2\/categories?post=3930"},{"taxonomy":"post_tag","embeddable":true,"href":"http:\/\/muestra.vansterandlei.com\/es\/wp-json\/wp\/v2\/tags?post=3930"}],"curies":[{"name":"wp","href":"https:\/\/api.w.org\/{rel}","templated":true}]}}