{"id":3953,"date":"2019-05-22T06:35:35","date_gmt":"2019-05-22T06:35:35","guid":{"rendered":"http:\/\/muestra.vansterandlei.com\/?p=3953"},"modified":"2019-06-17T11:06:36","modified_gmt":"2019-06-17T11:06:36","slug":"javier-rui-wamba-inaugura-la-conferencia-internacional-gestion-en-la-conservacion-de-puentes-en-sevilla","status":"publish","type":"post","link":"http:\/\/muestra.vansterandlei.com\/es\/javier-rui-wamba-inaugura-la-conferencia-internacional-gestion-en-la-conservacion-de-puentes-en-sevilla\/","title":{"rendered":"JAVIER RUI-WAMBA INAUGURA LA CONFERENCIA INTERNACIONAL: GESTI\u00d3N EN LA CONSERVACI\u00d3N DE PUENTES, EN SEVILLA"},"content":{"rendered":"En el marco de la Conferencia internacional, que se celebra en Sevilla, los d\u00edas 20-21 de mayo, como antesala al Consejo de Directores de Carreteras de Iberia e Iberoam\u00e9rica (DIRCAIBEA), Javier Rui-Wamba imparti\u00f3 la conferencia inaugural \u201cLos Puentes y sus circunstancias\u00bb.<br \/>\nEl Director de la Asociaci\u00f3n T\u00e9cnica de Carreteras, Alberto Bardesi, present\u00f3 a Javier Rui-Wamba como \u201cun Ingeniero del Renacimiento\u201d.<br \/>\nEn su intervenci\u00f3n Javier Rui-Wamba realiz\u00f3 un itinerario visual a trav\u00e9s de una selecci\u00f3n de im\u00e1genes de puentes singulares, poniendo de manifiesto \u201clas circunstancias que les acompa\u00f1an\u201d.<\/p>\n<p>El Acto estuvo presidido por el Director General de Carreteras del Ministerio de Fomento, Javier Herrero y organizado por la Asociaci\u00f3n T\u00e9cnica de Carreteras, con una asistencia de 250 congresistas, expertos en proyectos, construcci\u00f3n y conservaci\u00f3n de puentes.","protected":false},"excerpt":{"rendered":"<p>En el marco de la Conferencia internacional, que se celebra en Sevilla, los d\u00edas 20-21 de mayo, como antesala al Consejo de Directores de Carreteras de Iberia e Iberoam\u00e9rica (DIRCAIBEA), Javier Rui-Wamba imparti\u00f3 la conferencia inaugural \u201cLos Puentes y sus circunstancias\u00bb. El Director de la Asociaci\u00f3n T\u00e9cnica de Carreteras, Alberto Bardesi, present\u00f3 a Javier Rui-Wamba &hellip; <a href=\"http:\/\/muestra.vansterandlei.com\/es\/javier-rui-wamba-inaugura-la-conferencia-internacional-gestion-en-la-conservacion-de-puentes-en-sevilla\/\" class=\"more-link\">Continue reading<span class=\"screen-reader-text\"> \u00abJAVIER RUI-WAMBA INAUGURA LA CONFERENCIA INTERNACIONAL: GESTI\u00d3N EN LA CONSERVACI\u00d3N DE PUENTES, EN SEVILLA\u00bb<\/span><\/a><\/p>\n","protected":false},"author":1,"featured_media":3954,"comment_status":"open","ping_status":"open","sticky":false,"template":"","format":"standard","meta":{"pgc_sgb_lightbox_settings":""},"categories":[154,12,156,167,155,9],"tags":[],"wps_subtitle":"","_links":{"self":[{"href":"http:\/\/muestra.vansterandlei.com\/es\/wp-json\/wp\/v2\/posts\/3953"}],"collection":[{"href":"http:\/\/muestra.vansterandlei.com\/es\/wp-json\/wp\/v2\/posts"}],"about":[{"href":"http:\/\/muestra.vansterandlei.com\/es\/wp-json\/wp\/v2\/types\/post"}],"author":[{"embeddable":true,"href":"http:\/\/muestra.vansterandlei.com\/es\/wp-json\/wp\/v2\/users\/1"}],"replies":[{"embeddable":true,"href":"http:\/\/muestra.vansterandlei.com\/es\/wp-json\/wp\/v2\/comments?post=3953"}],"version-history":[{"count":0,"href":"http:\/\/muestra.vansterandlei.com\/es\/wp-json\/wp\/v2\/posts\/3953\/revisions"}],"wp:featuredmedia":[{"embeddable":true,"href":"http:\/\/muestra.vansterandlei.com\/es\/wp-json\/wp\/v2\/media\/3954"}],"wp:attachment":[{"href":"http:\/\/muestra.vansterandlei.com\/es\/wp-json\/wp\/v2\/media?parent=3953"}],"wp:term":[{"taxonomy":"category","embeddable":true,"href":"http:\/\/muestra.vansterandlei.com\/es\/wp-json\/wp\/v2\/categories?post=3953"},{"taxonomy":"post_tag","embeddable":true,"href":"http:\/\/muestra.vansterandlei.com\/es\/wp-json\/wp\/v2\/tags?post=3953"}],"curies":[{"name":"wp","href":"https:\/\/api.w.org\/{rel}","templated":true}]}}