{"id":4044,"date":"2019-07-18T07:28:54","date_gmt":"2019-07-18T07:28:54","guid":{"rendered":"http:\/\/muestra.vansterandlei.com\/?p=4044"},"modified":"2019-09-13T07:42:02","modified_gmt":"2019-09-13T07:42:02","slug":"wind-turbine-towers-27-29-agosto-de-2019-bremen-alemania","status":"publish","type":"post","link":"http:\/\/muestra.vansterandlei.com\/es\/wind-turbine-towers-27-29-agosto-de-2019-bremen-alemania\/","title":{"rendered":"WIND TURBINE TOWERS. 27-29 AGOSTO DE 2019. BREMEN. ALEMANIA"},"content":{"rendered":"A finales de agosto tendr\u00e1 lugar la conferencia Wind Turbine Towers, en Bremen, en la que participar\u00e1n Jos\u00e9 Serna y Arnau Teruel dentro de la secci\u00f3n \u201c\u00daltimos desarrollos en conceptos de torres: Torres Altas\u201d. Las charlas se centrar\u00e1n en la torre telesc\u00f3pica para la primera instalaci\u00f3n sin gr\u00faa de una turbina e\u00f3lica offshore (tecnolog\u00eda ELISA), por parte de Jos\u00e9 Serna, y en las torres telesc\u00f3picas onshore para alturas de m\u00e1s de 160m, por parte de Arnau Teruel. <\/p>\n<p> <a href=\"http:\/\/bit.ly\/Li_Wind_Turbine_Towers_Agenda\">Link de la conferencia<\/a>","protected":false},"excerpt":{"rendered":"<p>A finales de agosto tendr\u00e1 lugar la conferencia Wind Turbine Towers, en Bremen, en la que participar\u00e1n Jos\u00e9 Serna y Arnau Teruel dentro de la secci\u00f3n \u201c\u00daltimos desarrollos en conceptos de torres: Torres Altas\u201d. Las charlas se centrar\u00e1n en la torre telesc\u00f3pica para la primera instalaci\u00f3n sin gr\u00faa de una turbina e\u00f3lica offshore (tecnolog\u00eda ELISA), &hellip; <a href=\"http:\/\/muestra.vansterandlei.com\/es\/wind-turbine-towers-27-29-agosto-de-2019-bremen-alemania\/\" class=\"more-link\">Continue reading<span class=\"screen-reader-text\"> \u00abWIND TURBINE TOWERS. 27-29 AGOSTO DE 2019. BREMEN. ALEMANIA\u00bb<\/span><\/a><\/p>\n","protected":false},"author":1,"featured_media":4061,"comment_status":"open","ping_status":"open","sticky":false,"template":"","format":"standard","meta":{"pgc_sgb_lightbox_settings":""},"categories":[157,7,154,12,165,149,5,156,161,155,22,174],"tags":[],"wps_subtitle":"","_links":{"self":[{"href":"http:\/\/muestra.vansterandlei.com\/es\/wp-json\/wp\/v2\/posts\/4044"}],"collection":[{"href":"http:\/\/muestra.vansterandlei.com\/es\/wp-json\/wp\/v2\/posts"}],"about":[{"href":"http:\/\/muestra.vansterandlei.com\/es\/wp-json\/wp\/v2\/types\/post"}],"author":[{"embeddable":true,"href":"http:\/\/muestra.vansterandlei.com\/es\/wp-json\/wp\/v2\/users\/1"}],"replies":[{"embeddable":true,"href":"http:\/\/muestra.vansterandlei.com\/es\/wp-json\/wp\/v2\/comments?post=4044"}],"version-history":[{"count":0,"href":"http:\/\/muestra.vansterandlei.com\/es\/wp-json\/wp\/v2\/posts\/4044\/revisions"}],"wp:featuredmedia":[{"embeddable":true,"href":"http:\/\/muestra.vansterandlei.com\/es\/wp-json\/wp\/v2\/media\/4061"}],"wp:attachment":[{"href":"http:\/\/muestra.vansterandlei.com\/es\/wp-json\/wp\/v2\/media?parent=4044"}],"wp:term":[{"taxonomy":"category","embeddable":true,"href":"http:\/\/muestra.vansterandlei.com\/es\/wp-json\/wp\/v2\/categories?post=4044"},{"taxonomy":"post_tag","embeddable":true,"href":"http:\/\/muestra.vansterandlei.com\/es\/wp-json\/wp\/v2\/tags?post=4044"}],"curies":[{"name":"wp","href":"https:\/\/api.w.org\/{rel}","templated":true}]}}