{"id":4166,"date":"2019-10-23T12:11:34","date_gmt":"2019-10-23T12:11:34","guid":{"rendered":"http:\/\/muestra.vansterandlei.com\/?p=4166"},"modified":"2019-11-22T09:10:51","modified_gmt":"2019-11-22T09:10:51","slug":"accesit-por-la-rehabilitacion-del-mercado-de-sant-antoni-premio-nacional-carlos-fernandez-casado","status":"publish","type":"post","link":"http:\/\/muestra.vansterandlei.com\/es\/accesit-por-la-rehabilitacion-del-mercado-de-sant-antoni-premio-nacional-carlos-fernandez-casado\/","title":{"rendered":"ACC\u00c9SIT POR LA REHABILITACI\u00d3N DEL MERCADO DE SANT ANTONI. PREMIO NACIONAL CARLOS FERN\u00c1NDEZ CASADO."},"content":{"rendered":"Esteyco recibi\u00f3 ayer, 22 de octubre de 2019, el acc\u00e9sit por el proyecto de rehabilitaci\u00f3n del Mercado de Sant Antoni de Barcelona, Premio Nacional Carlos Fern\u00e1ndez Casado, en la primera Edici\u00f3n del Foro del Patrimonio de la Obra P\u00fablica organizado por la Fundaci\u00f3n Caminos y que tuvo lugar en el Colegio de Caminos, Canales y Puertos de Madrid.<\/p>\n<p>El proyecto del Mercat de Sant Antoni, se inici\u00f3 en el a\u00f1o 2009 y finaliz\u00f3 en mayo de 2018, los promotores del proyecto Ayuntamiento de Barcelona y el Instituto Municipal de Mercados. Los autores del proyecto de arquitectura Pere Joan Ravetllat i Carme Ribas, el proyecto de estructuras y asistencia t\u00e9cnica a la direcci\u00f3n de obra por parte de Esteyco y la constructora Sacyr. <\/p>\n<p>La presentaci\u00f3n de la ponencia en la primera edici\u00f3n del Foro del Patrimonio de la Obra P\u00fablica sobre el Mercado de Sant Antonio la imparti\u00f3 Carlos Garc\u00eda Ac\u00f3n, Director General de Esteyco, qui\u00e9n desarrollo gran parte de los trabajos del dicho proyecto.<br \/>","protected":false},"excerpt":{"rendered":"<p>Esteyco recibi\u00f3 ayer, 22 de octubre de 2019, el acc\u00e9sit por el proyecto de rehabilitaci\u00f3n del Mercado de Sant Antoni de Barcelona, Premio Nacional Carlos Fern\u00e1ndez Casado, en la primera Edici\u00f3n del Foro del Patrimonio de la Obra P\u00fablica organizado por la Fundaci\u00f3n Caminos y que tuvo lugar en el Colegio de Caminos, Canales y &hellip; <a href=\"http:\/\/muestra.vansterandlei.com\/es\/accesit-por-la-rehabilitacion-del-mercado-de-sant-antoni-premio-nacional-carlos-fernandez-casado\/\" class=\"more-link\">Continue reading<span class=\"screen-reader-text\"> \u00abACC\u00c9SIT POR LA REHABILITACI\u00d3N DEL MERCADO DE SANT ANTONI. PREMIO NACIONAL CARLOS FERN\u00c1NDEZ CASADO.\u00bb<\/span><\/a><\/p>\n","protected":false},"author":1,"featured_media":4167,"comment_status":"open","ping_status":"open","sticky":false,"template":"","format":"standard","meta":{"pgc_sgb_lightbox_settings":""},"categories":[17,6,18,19,154,12,156,15,183],"tags":[],"wps_subtitle":"","_links":{"self":[{"href":"http:\/\/muestra.vansterandlei.com\/es\/wp-json\/wp\/v2\/posts\/4166"}],"collection":[{"href":"http:\/\/muestra.vansterandlei.com\/es\/wp-json\/wp\/v2\/posts"}],"about":[{"href":"http:\/\/muestra.vansterandlei.com\/es\/wp-json\/wp\/v2\/types\/post"}],"author":[{"embeddable":true,"href":"http:\/\/muestra.vansterandlei.com\/es\/wp-json\/wp\/v2\/users\/1"}],"replies":[{"embeddable":true,"href":"http:\/\/muestra.vansterandlei.com\/es\/wp-json\/wp\/v2\/comments?post=4166"}],"version-history":[{"count":0,"href":"http:\/\/muestra.vansterandlei.com\/es\/wp-json\/wp\/v2\/posts\/4166\/revisions"}],"wp:featuredmedia":[{"embeddable":true,"href":"http:\/\/muestra.vansterandlei.com\/es\/wp-json\/wp\/v2\/media\/4167"}],"wp:attachment":[{"href":"http:\/\/muestra.vansterandlei.com\/es\/wp-json\/wp\/v2\/media?parent=4166"}],"wp:term":[{"taxonomy":"category","embeddable":true,"href":"http:\/\/muestra.vansterandlei.com\/es\/wp-json\/wp\/v2\/categories?post=4166"},{"taxonomy":"post_tag","embeddable":true,"href":"http:\/\/muestra.vansterandlei.com\/es\/wp-json\/wp\/v2\/tags?post=4166"}],"curies":[{"name":"wp","href":"https:\/\/api.w.org\/{rel}","templated":true}]}}