{"id":4185,"date":"2019-11-15T11:34:50","date_gmt":"2019-11-15T11:34:50","guid":{"rendered":"http:\/\/muestra.vansterandlei.com\/?p=4185"},"modified":"2019-12-04T12:09:43","modified_gmt":"2019-12-04T12:09:43","slug":"esteyco-entre-las-500-empresas-con-mas-crecimiento-empresarial","status":"publish","type":"post","link":"http:\/\/muestra.vansterandlei.com\/es\/esteyco-entre-las-500-empresas-con-mas-crecimiento-empresarial\/","title":{"rendered":"ESTEYCO ENTRE LAS 500 EMPRESAS CON M\u00c1S CRECIMIENTO EMPRESARIAL"},"content":{"rendered":"La Confederaci\u00f3n Espa\u00f1ola de la Peque\u00f1a y Mediana Empresa (CEPYME) , otorga a Esteyco, el reconocimiento como una de las 500 empresas Espa\u00f1olas con un crecimiento empresarial destacado en el 2019. CEPYME, lanza una iniciativa a trav\u00e9s de CEPYME500 en la que identifican, seleccionan y promocionan a un conjunto de empresas que lideran el crecimiento empresarial, por su capacidad para generar su valor a\u00f1adido, empleo, innovaci\u00f3n y proyecci\u00f3n internacional. <\/p>\n<p>Los indicadores que se han evaluado son el crecimiento respecto a otros a\u00f1os, la solvencia, el potencial de innovaci\u00f3n y de internacionalizaci\u00f3n. <\/p>\n<p><a href=\"https:\/\/www.cepyme500.com\/empresa\/esteyco\">An\u00e1lisis de datos de Esteyco en CEPYME<\/a><\/p>\n<p><img loading=\"lazy\" src=\"http:\/\/muestra.vansterandlei.com\/wp-content\/uploads\/2019\/11\/Certificado_Cepyme-300x212.jpg\" alt=\"\" width=\"300\" height=\"212\" class=\"alignnone size-medium wp-image-4186\" srcset=\"http:\/\/muestra.vansterandlei.com\/wp-content\/uploads\/2019\/11\/Certificado_Cepyme-300x212.jpg 300w, http:\/\/muestra.vansterandlei.com\/wp-content\/uploads\/2019\/11\/Certificado_Cepyme-768x543.jpg 768w, http:\/\/muestra.vansterandlei.com\/wp-content\/uploads\/2019\/11\/Certificado_Cepyme-1024x724.jpg 1024w, http:\/\/muestra.vansterandlei.com\/wp-content\/uploads\/2019\/11\/Certificado_Cepyme-1200x849.jpg 1200w\" sizes=\"(max-width: 300px) 85vw, 300px\" \/>","protected":false},"excerpt":{"rendered":"<p>La Confederaci\u00f3n Espa\u00f1ola de la Peque\u00f1a y Mediana Empresa (CEPYME) , otorga a Esteyco, el reconocimiento como una de las 500 empresas Espa\u00f1olas con un crecimiento empresarial destacado en el 2019. CEPYME, lanza una iniciativa a trav\u00e9s de CEPYME500 en la que identifican, seleccionan y promocionan a un conjunto de empresas que lideran el crecimiento &hellip; <a href=\"http:\/\/muestra.vansterandlei.com\/es\/esteyco-entre-las-500-empresas-con-mas-crecimiento-empresarial\/\" class=\"more-link\">Continue reading<span class=\"screen-reader-text\"> \u00abESTEYCO ENTRE LAS 500 EMPRESAS CON M\u00c1S CRECIMIENTO EMPRESARIAL\u00bb<\/span><\/a><\/p>\n","protected":false},"author":1,"featured_media":4187,"comment_status":"open","ping_status":"open","sticky":false,"template":"","format":"standard","meta":{"pgc_sgb_lightbox_settings":""},"categories":[184,154,149,5,156,155],"tags":[185],"wps_subtitle":"","_links":{"self":[{"href":"http:\/\/muestra.vansterandlei.com\/es\/wp-json\/wp\/v2\/posts\/4185"}],"collection":[{"href":"http:\/\/muestra.vansterandlei.com\/es\/wp-json\/wp\/v2\/posts"}],"about":[{"href":"http:\/\/muestra.vansterandlei.com\/es\/wp-json\/wp\/v2\/types\/post"}],"author":[{"embeddable":true,"href":"http:\/\/muestra.vansterandlei.com\/es\/wp-json\/wp\/v2\/users\/1"}],"replies":[{"embeddable":true,"href":"http:\/\/muestra.vansterandlei.com\/es\/wp-json\/wp\/v2\/comments?post=4185"}],"version-history":[{"count":0,"href":"http:\/\/muestra.vansterandlei.com\/es\/wp-json\/wp\/v2\/posts\/4185\/revisions"}],"wp:featuredmedia":[{"embeddable":true,"href":"http:\/\/muestra.vansterandlei.com\/es\/wp-json\/wp\/v2\/media\/4187"}],"wp:attachment":[{"href":"http:\/\/muestra.vansterandlei.com\/es\/wp-json\/wp\/v2\/media?parent=4185"}],"wp:term":[{"taxonomy":"category","embeddable":true,"href":"http:\/\/muestra.vansterandlei.com\/es\/wp-json\/wp\/v2\/categories?post=4185"},{"taxonomy":"post_tag","embeddable":true,"href":"http:\/\/muestra.vansterandlei.com\/es\/wp-json\/wp\/v2\/tags?post=4185"}],"curies":[{"name":"wp","href":"https:\/\/api.w.org\/{rel}","templated":true}]}}