{"id":4190,"date":"2019-12-03T09:22:15","date_gmt":"2019-12-03T09:22:15","guid":{"rendered":"http:\/\/muestra.vansterandlei.com\/?p=4190"},"modified":"2020-01-07T10:57:33","modified_gmt":"2020-01-07T10:57:33","slug":"acto-presentacion-del-libro-los-primeros-50-anos-de-esteyco","status":"publish","type":"post","link":"http:\/\/muestra.vansterandlei.com\/es\/acto-presentacion-del-libro-los-primeros-50-anos-de-esteyco\/","title":{"rendered":"ACTO PRESENTACI\u00d3N DEL LIBRO \u00abLOS PRIMEROS 50 A\u00d1OS\u00bb DE ESTEYCO"},"content":{"rendered":"El pasado jueves 28 de noviembre a las 18:30 h. tuvo lugar en el Museo Euskal Heria de Gernika- Lumo, se present\u00f3 el libro \u201cLos primeros 50 a\u00f1os\u201d de Esteyco , redactado por Carlos Garc\u00eda Ac\u00f3n, con la colaboraci\u00f3n de Sebasti\u00e1n Guerrero, Andreu Estany, Pilar Carrizosa, Mario Onzain, Miguel \u00c1ngel Fern\u00e1ndez y Javier Rui Wamba. Como conmemoraci\u00f3n del 50 aniversario de su creaci\u00f3n. <\/p>\n<p>En el acto participaron Javier Rui-Wamba, presidente de Esteyco y de la Fundaci\u00f3n Esteyco, Jose Tes\u00e1n, Decano del Colegio de Ingenieros de Caminos de Euskadi, Jose M\u00aa Gorro\u00f1o, Alcalde de Gernika-Lumo, Antonio Aiz, Viceconsejero de Infraestructuras y transportes del Gobierno Vasco, Unai Rementeria Diputado General de Bizkaia, Carlos Garc\u00eda Ac\u00f3n, Director General de Esteyco, autor del libro.<\/p>\n<p><a href=\"https:\/\/www.oizmendi.eus\/herriak\/16-berriak\/ekonomia\/1817-esteyco-los-primeros-50-anos-liburua-aurkeztu-dute-gernika-lumoko-euskal-herria-museoan\">Link Oizmendi Telebista<\/a><\/p>","protected":false},"excerpt":{"rendered":"<p>El pasado jueves 28 de noviembre a las 18:30 h. tuvo lugar en el Museo Euskal Heria de Gernika- Lumo, se present\u00f3 el libro \u201cLos primeros 50 a\u00f1os\u201d de Esteyco , redactado por Carlos Garc\u00eda Ac\u00f3n, con la colaboraci\u00f3n de Sebasti\u00e1n Guerrero, Andreu Estany, Pilar Carrizosa, Mario Onzain, Miguel \u00c1ngel Fern\u00e1ndez y Javier Rui Wamba. &hellip; <a href=\"http:\/\/muestra.vansterandlei.com\/es\/acto-presentacion-del-libro-los-primeros-50-anos-de-esteyco\/\" class=\"more-link\">Continue reading<span class=\"screen-reader-text\"> \u00abACTO PRESENTACI\u00d3N DEL LIBRO \u00abLOS PRIMEROS 50 A\u00d1OS\u00bb DE ESTEYCO\u00bb<\/span><\/a><\/p>\n","protected":false},"author":1,"featured_media":4207,"comment_status":"open","ping_status":"open","sticky":false,"template":"","format":"standard","meta":{"pgc_sgb_lightbox_settings":""},"categories":[186,189,154,190,149,156,167],"tags":[],"wps_subtitle":"","_links":{"self":[{"href":"http:\/\/muestra.vansterandlei.com\/es\/wp-json\/wp\/v2\/posts\/4190"}],"collection":[{"href":"http:\/\/muestra.vansterandlei.com\/es\/wp-json\/wp\/v2\/posts"}],"about":[{"href":"http:\/\/muestra.vansterandlei.com\/es\/wp-json\/wp\/v2\/types\/post"}],"author":[{"embeddable":true,"href":"http:\/\/muestra.vansterandlei.com\/es\/wp-json\/wp\/v2\/users\/1"}],"replies":[{"embeddable":true,"href":"http:\/\/muestra.vansterandlei.com\/es\/wp-json\/wp\/v2\/comments?post=4190"}],"version-history":[{"count":0,"href":"http:\/\/muestra.vansterandlei.com\/es\/wp-json\/wp\/v2\/posts\/4190\/revisions"}],"wp:featuredmedia":[{"embeddable":true,"href":"http:\/\/muestra.vansterandlei.com\/es\/wp-json\/wp\/v2\/media\/4207"}],"wp:attachment":[{"href":"http:\/\/muestra.vansterandlei.com\/es\/wp-json\/wp\/v2\/media?parent=4190"}],"wp:term":[{"taxonomy":"category","embeddable":true,"href":"http:\/\/muestra.vansterandlei.com\/es\/wp-json\/wp\/v2\/categories?post=4190"},{"taxonomy":"post_tag","embeddable":true,"href":"http:\/\/muestra.vansterandlei.com\/es\/wp-json\/wp\/v2\/tags?post=4190"}],"curies":[{"name":"wp","href":"https:\/\/api.w.org\/{rel}","templated":true}]}}