{"id":4210,"date":"2019-12-09T11:35:53","date_gmt":"2019-12-09T11:35:53","guid":{"rendered":"http:\/\/muestra.vansterandlei.com\/?p=4210"},"modified":"2020-01-14T14:47:42","modified_gmt":"2020-01-14T14:47:42","slug":"esteyco-se-suma-a-la-cop25","status":"publish","type":"post","link":"http:\/\/muestra.vansterandlei.com\/es\/esteyco-se-suma-a-la-cop25\/","title":{"rendered":"ESTEYCO SE SUMA A LA COP25"},"content":{"rendered":"Esteyco ha sido invitado a participar en la zona azul de la COP25, espacio administrado por las Naciones Unidas y en el cual tienen lugar las sesiones de negociaci\u00f3n y los actos organizados en paralelo a la agenda oficial de las Naciones Unidas.<br \/>\nEn las sesiones \u00abScience Based Targets for climate change: applying science to improve daily life\u00bb, organizadas por Aguas Andinas en el Pabell\u00f3n de Chile el martes 3 de diciembre, Carlos Garc\u00eda Ac\u00f3n, director general de Esteyco, ha presentado \u00abTechnlogies aiming to democratize energy production\u00bb, y ha participado en el panel moderado por Elvira Carles, directora de la Fundaci\u00f3n Empresa y Clima, junto con Claudio Mu\u00f1oz, presidente de Aguas Andinas, y Gayle Schueller, vicepresidenta de 3M.<br \/>","protected":false},"excerpt":{"rendered":"<p>Esteyco ha sido invitado a participar en la zona azul de la COP25, espacio administrado por las Naciones Unidas y en el cual tienen lugar las sesiones de negociaci\u00f3n y los actos organizados en paralelo a la agenda oficial de las Naciones Unidas. En las sesiones \u00abScience Based Targets for climate change: applying science to &hellip; <a href=\"http:\/\/muestra.vansterandlei.com\/es\/esteyco-se-suma-a-la-cop25\/\" class=\"more-link\">Continue reading<span class=\"screen-reader-text\"> \u00abESTEYCO SE SUMA A LA COP25\u00bb<\/span><\/a><\/p>\n","protected":false},"author":1,"featured_media":4211,"comment_status":"open","ping_status":"open","sticky":false,"template":"","format":"standard","meta":{"pgc_sgb_lightbox_settings":""},"categories":[17,189,193,7,21,154,149,5,23],"tags":[],"wps_subtitle":"","_links":{"self":[{"href":"http:\/\/muestra.vansterandlei.com\/es\/wp-json\/wp\/v2\/posts\/4210"}],"collection":[{"href":"http:\/\/muestra.vansterandlei.com\/es\/wp-json\/wp\/v2\/posts"}],"about":[{"href":"http:\/\/muestra.vansterandlei.com\/es\/wp-json\/wp\/v2\/types\/post"}],"author":[{"embeddable":true,"href":"http:\/\/muestra.vansterandlei.com\/es\/wp-json\/wp\/v2\/users\/1"}],"replies":[{"embeddable":true,"href":"http:\/\/muestra.vansterandlei.com\/es\/wp-json\/wp\/v2\/comments?post=4210"}],"version-history":[{"count":0,"href":"http:\/\/muestra.vansterandlei.com\/es\/wp-json\/wp\/v2\/posts\/4210\/revisions"}],"wp:featuredmedia":[{"embeddable":true,"href":"http:\/\/muestra.vansterandlei.com\/es\/wp-json\/wp\/v2\/media\/4211"}],"wp:attachment":[{"href":"http:\/\/muestra.vansterandlei.com\/es\/wp-json\/wp\/v2\/media?parent=4210"}],"wp:term":[{"taxonomy":"category","embeddable":true,"href":"http:\/\/muestra.vansterandlei.com\/es\/wp-json\/wp\/v2\/categories?post=4210"},{"taxonomy":"post_tag","embeddable":true,"href":"http:\/\/muestra.vansterandlei.com\/es\/wp-json\/wp\/v2\/tags?post=4210"}],"curies":[{"name":"wp","href":"https:\/\/api.w.org\/{rel}","templated":true}]}}