{"id":4217,"date":"2019-12-19T13:13:39","date_gmt":"2019-12-19T13:13:39","guid":{"rendered":"http:\/\/muestra.vansterandlei.com\/?p=4217"},"modified":"2020-02-17T08:56:44","modified_gmt":"2020-02-17T08:56:44","slug":"acto-presentacion-del-libro-los-primeros-50-anos-de-esteyco-2","status":"publish","type":"post","link":"http:\/\/muestra.vansterandlei.com\/es\/acto-presentacion-del-libro-los-primeros-50-anos-de-esteyco-2\/","title":{"rendered":"ACTO PRESENTACI\u00d3N DEL LIBRO LOS PRIMEROS 50 A\u00d1OS DE ESTEYCO."},"content":{"rendered":"El pasado martes 17 de tuvo lugar en el Colegio de Camninos, Canales y Puertos de Madrid,  la presentaci\u00f3n del libro editado por la Fundaci\u00f3n Esteyco \u201cLos primeros 50 a\u00f1os\u201d de Esteyco redactado por Carlos Garc\u00eda Ac\u00f3n, con la colaboraci\u00f3n de Sebasti\u00e1n Guerrero, Andreu Estany, Pilar Carrizosa, Mario Onzain, Miguel \u00c1ngel Fern\u00e1ndez y Javier Rui-Wamba. Como conmemoraci\u00f3n del 50 aniversario de su creaci\u00f3n. <\/p>\n<p>En el acto participaron Javier Rui-Wamba, presidente de Esteyco y de la Fundaci\u00f3n Esteyco, Antonio Jos\u00e9 Alonso, Burgos Subdirector General de Explotaci\u00f3n de la Direcci\u00f3n General de Carreteras del Ministerio de Fomento, Mar\u00eda Luisa Dom\u00ednguez, Directora General de Planificaci\u00f3n Estrat\u00e9gica y Proyectos de Alta Velocidad del Administrador de Infraestructuras Ferroviarias (ADIF), Jos\u00e9 Alfonso Nebreda, Director General de ACS, Servicios Industriales y Carlos Garc\u00eda Ac\u00f3n, Director General de Esteyco, autor del libro.<\/p>","protected":false},"excerpt":{"rendered":"<p>El pasado martes 17 de tuvo lugar en el Colegio de Camninos, Canales y Puertos de Madrid, la presentaci\u00f3n del libro editado por la Fundaci\u00f3n Esteyco \u201cLos primeros 50 a\u00f1os\u201d de Esteyco redactado por Carlos Garc\u00eda Ac\u00f3n, con la colaboraci\u00f3n de Sebasti\u00e1n Guerrero, Andreu Estany, Pilar Carrizosa, Mario Onzain, Miguel \u00c1ngel Fern\u00e1ndez y Javier Rui-Wamba. &hellip; <a href=\"http:\/\/muestra.vansterandlei.com\/es\/acto-presentacion-del-libro-los-primeros-50-anos-de-esteyco-2\/\" class=\"more-link\">Continue reading<span class=\"screen-reader-text\"> \u00abACTO PRESENTACI\u00d3N DEL LIBRO LOS PRIMEROS 50 A\u00d1OS DE ESTEYCO.\u00bb<\/span><\/a><\/p>\n","protected":false},"author":1,"featured_media":4218,"comment_status":"open","ping_status":"open","sticky":false,"template":"","format":"standard","meta":{"pgc_sgb_lightbox_settings":""},"categories":[186,6,189,7,154,12,10,190,149,5,13,156,167,11,8,14,155,9],"tags":[],"wps_subtitle":"","_links":{"self":[{"href":"http:\/\/muestra.vansterandlei.com\/es\/wp-json\/wp\/v2\/posts\/4217"}],"collection":[{"href":"http:\/\/muestra.vansterandlei.com\/es\/wp-json\/wp\/v2\/posts"}],"about":[{"href":"http:\/\/muestra.vansterandlei.com\/es\/wp-json\/wp\/v2\/types\/post"}],"author":[{"embeddable":true,"href":"http:\/\/muestra.vansterandlei.com\/es\/wp-json\/wp\/v2\/users\/1"}],"replies":[{"embeddable":true,"href":"http:\/\/muestra.vansterandlei.com\/es\/wp-json\/wp\/v2\/comments?post=4217"}],"version-history":[{"count":0,"href":"http:\/\/muestra.vansterandlei.com\/es\/wp-json\/wp\/v2\/posts\/4217\/revisions"}],"wp:featuredmedia":[{"embeddable":true,"href":"http:\/\/muestra.vansterandlei.com\/es\/wp-json\/wp\/v2\/media\/4218"}],"wp:attachment":[{"href":"http:\/\/muestra.vansterandlei.com\/es\/wp-json\/wp\/v2\/media?parent=4217"}],"wp:term":[{"taxonomy":"category","embeddable":true,"href":"http:\/\/muestra.vansterandlei.com\/es\/wp-json\/wp\/v2\/categories?post=4217"},{"taxonomy":"post_tag","embeddable":true,"href":"http:\/\/muestra.vansterandlei.com\/es\/wp-json\/wp\/v2\/tags?post=4217"}],"curies":[{"name":"wp","href":"https:\/\/api.w.org\/{rel}","templated":true}]}}