{"id":4251,"date":"2020-02-17T08:56:29","date_gmt":"2020-02-17T08:56:29","guid":{"rendered":"http:\/\/muestra.vansterandlei.com\/?p=4251"},"modified":"2020-03-31T09:38:08","modified_gmt":"2020-03-31T09:38:08","slug":"esteyco-seleccionada-para-participar-en-la-mision-a-corea-del-sur-del-eu-gateway","status":"publish","type":"post","link":"http:\/\/muestra.vansterandlei.com\/es\/esteyco-seleccionada-para-participar-en-la-mision-a-corea-del-sur-del-eu-gateway\/","title":{"rendered":"ESTEYCO SELECCIONADA PARA PARTICIPAR EN LA MISI\u00d3N A COREA DEL SUR DEL EU GATEWAY"},"content":{"rendered":"Esteyco ha sido una de las pocas empresas elegidas para participar en la misi\u00f3n en Corea del Sur que ha organizado el organismo EU Gateway, una iniciativa financiada por la Uni\u00f3n Europea, que tuvo lugar del 2 al 7 de febrero en Se\u00fal, Corea.<\/p>\n<p>El gobierno surcoreano ha dise\u00f1ado una transici\u00f3n a larga escala hacia una eficiencia energ\u00e9tica que sea, a la vez, limpia y segura. Su previsi\u00f3n es llegar a un 20% de energ\u00eda renovable en el a\u00f1o 2030 lo cual incluye 37GW de energ\u00eda fotovoltaica, 3GW de energ\u00eda onshore y 13GW de energ\u00eda offshore. Esto convierte a Corea del Sur en un mercado muy atractivo en el que nuestras soluciones offshore -ELISA para plataformas fijas y TELWIND para flotante, podr\u00edan hacerse un hueco.<\/p>\n<p>En nuestro intento de llevar nuestras innovadoras soluciones a mercados tan prometedores como los asi\u00e1ticos, esta feria nos ha permitido establecer los primeros contactos con empresas punteras del pa\u00eds. Estamos convencidos de que es solo un primer paso hacia una relaci\u00f3n m\u00e1s fuerte y duradera con el pa\u00eds.<br \/>","protected":false},"excerpt":{"rendered":"<p>Esteyco ha sido una de las pocas empresas elegidas para participar en la misi\u00f3n en Corea del Sur que ha organizado el organismo EU Gateway, una iniciativa financiada por la Uni\u00f3n Europea, que tuvo lugar del 2 al 7 de febrero en Se\u00fal, Corea. El gobierno surcoreano ha dise\u00f1ado una transici\u00f3n a larga escala hacia &hellip; <a href=\"http:\/\/muestra.vansterandlei.com\/es\/esteyco-seleccionada-para-participar-en-la-mision-a-corea-del-sur-del-eu-gateway\/\" class=\"more-link\">Continue reading<span class=\"screen-reader-text\"> \u00abESTEYCO SELECCIONADA PARA PARTICIPAR EN LA MISI\u00d3N A COREA DEL SUR DEL EU GATEWAY\u00bb<\/span><\/a><\/p>\n","protected":false},"author":1,"featured_media":4252,"comment_status":"open","ping_status":"open","sticky":false,"template":"","format":"standard","meta":{"pgc_sgb_lightbox_settings":""},"categories":[7,21,156,166,155,173,22],"tags":[],"wps_subtitle":"","_links":{"self":[{"href":"http:\/\/muestra.vansterandlei.com\/es\/wp-json\/wp\/v2\/posts\/4251"}],"collection":[{"href":"http:\/\/muestra.vansterandlei.com\/es\/wp-json\/wp\/v2\/posts"}],"about":[{"href":"http:\/\/muestra.vansterandlei.com\/es\/wp-json\/wp\/v2\/types\/post"}],"author":[{"embeddable":true,"href":"http:\/\/muestra.vansterandlei.com\/es\/wp-json\/wp\/v2\/users\/1"}],"replies":[{"embeddable":true,"href":"http:\/\/muestra.vansterandlei.com\/es\/wp-json\/wp\/v2\/comments?post=4251"}],"version-history":[{"count":0,"href":"http:\/\/muestra.vansterandlei.com\/es\/wp-json\/wp\/v2\/posts\/4251\/revisions"}],"wp:featuredmedia":[{"embeddable":true,"href":"http:\/\/muestra.vansterandlei.com\/es\/wp-json\/wp\/v2\/media\/4252"}],"wp:attachment":[{"href":"http:\/\/muestra.vansterandlei.com\/es\/wp-json\/wp\/v2\/media?parent=4251"}],"wp:term":[{"taxonomy":"category","embeddable":true,"href":"http:\/\/muestra.vansterandlei.com\/es\/wp-json\/wp\/v2\/categories?post=4251"},{"taxonomy":"post_tag","embeddable":true,"href":"http:\/\/muestra.vansterandlei.com\/es\/wp-json\/wp\/v2\/tags?post=4251"}],"curies":[{"name":"wp","href":"https:\/\/api.w.org\/{rel}","templated":true}]}}