{"id":4256,"date":"2020-03-06T08:32:00","date_gmt":"2020-03-06T08:32:00","guid":{"rendered":"http:\/\/muestra.vansterandlei.com\/?p=4256"},"modified":"2020-04-14T16:33:57","modified_gmt":"2020-04-14T16:33:57","slug":"la-revolucion-verde-aerogeneradores-telescopicos-mas-rapidos-mas-baratos-y-mas-eficientes","status":"publish","type":"post","link":"http:\/\/muestra.vansterandlei.com\/es\/la-revolucion-verde-aerogeneradores-telescopicos-mas-rapidos-mas-baratos-y-mas-eficientes\/","title":{"rendered":"LA REVOLUCI\u00d3N VERDE: AEROGENERADORES TELESC\u00d3PICOS M\u00c1S R\u00c1PIDOS, M\u00c1S BARATOS Y M\u00c1S EFICIENTES"},"content":{"rendered":"El pasado 25 de febrero se public\u00f3 en la web de <a href=\"https:\/\/www.euronews.com\/2020\/02\/24\/the-green-revolution-faster-cheaper-and-more-efficient-telescopic-windturbines\">Euronews<\/a> el reportaje sobre el aerogenerador Marino del Proyecto Elican. <\/p>\n<p>En asociaci\u00f3n con la Comisi\u00f3n Europea<\/p>\n<p>Lo que podr\u00eda parecer un molino de viento en alta mar ordinario para el ojo inexperto, en realidad es algo bastante diferente.<br \/>\nEsta turbina ha sido dise\u00f1ada con una tecnolog\u00eda telesc\u00f3pica especial que, seg\u00fan los informes, permite una instalaci\u00f3n m\u00e1s r\u00e1pida, m\u00e1s eficiente y m\u00e1s barata dentro del entorno marino, seg\u00fan sus desarrolladores, la empresa espa\u00f1ola de ingenier\u00eda, ESTEYCO .<\/p>\n<p>A solo media hora en barco desde el puerto principal de la isla, este prototipo en alta mar tard\u00f3 casi 4 a\u00f1os en hacerse realidad.<br \/>\nY este sue\u00f1o se hizo realidad a trav\u00e9s del proyecto ELICAN: una empresa de tres a\u00f1os, cofinanciada por la Comisi\u00f3n Europea en el marco de su programa Horizonte 2020 de Investigaci\u00f3n y Desarrollo, cuyo objetivo es innovar y dise\u00f1ar tipos de energ\u00eda m\u00e1s ecol\u00f3gicos.<\/p>\n<p>Con el objetivo de la UE de convertirse en carbono neutral para el a\u00f1o 2050, este tipo de proyectos son exactamente lo que se necesitar\u00e1 para alcanzar ese objetivo y lograr una Revoluci\u00f3n Verde en Europa.<br \/>\nPero \u00bfqu\u00e9 hace que estas turbinas e\u00f3licas sean tan \u00fanicas?<\/p>\n<p>Bueno, seg\u00fan uno de sus ingenieros, es la forma en que fue construido e instalado.<br \/>\n\u00abEste prototipo tiene dos grandes sistemas. Uno es la plataforma de base inferior que permite que el balasto del sistema baje al fondo del mar. El otro es su sistema de elevaci\u00f3n autom\u00e1tica. Esto permite que la torre sea telesc\u00f3pica y la turbina se eleve hasta su final posici\u00f3n.\u00bb<\/p>\n<p>Adem\u00e1s de mejorar a\u00fan m\u00e1s algunas de las configuraciones t\u00e9cnicas, los investigadores ahora est\u00e1n analizando las oportunidades de mercado que se avecinan.<br \/>\nSeg\u00fan Javier Nieto, Gerente de la Divisi\u00f3n Offshore en ESTEYCO, el objetivo es construir parques e\u00f3licos m\u00e1s grandes y comercialmente viables, que contendr\u00e1n de 50 a 70 construcciones cada uno.<br \/>\nEste objetivo a\u00fan est\u00e1 muy lejos, dice, pero la esperanza es que Europa pueda liderar el camino como innovador en pol\u00edticas ambientales e inspirar a otras naciones y continentes a comenzar a ser ecol\u00f3gicos, m\u00e1s temprano que tarde.<br \/>\nSin embargo, si se pueden lograr estos objetivos, Europa estar\u00e1 un paso m\u00e1s cerca de iniciar la Revoluci\u00f3n Verde que tanto desea.<\/p>\n<p><a href=\"https:\/\/youtu.be\/T2AaHecyX6Y\">Link Video<\/a><\/p>","protected":false},"excerpt":{"rendered":"<p>El pasado 25 de febrero se public\u00f3 en la web de Euronews el reportaje sobre el aerogenerador Marino del Proyecto Elican. En asociaci\u00f3n con la Comisi\u00f3n Europea Lo que podr\u00eda parecer un molino de viento en alta mar ordinario para el ojo inexperto, en realidad es algo bastante diferente. Esta turbina ha sido dise\u00f1ada con &hellip; <a href=\"http:\/\/muestra.vansterandlei.com\/es\/la-revolucion-verde-aerogeneradores-telescopicos-mas-rapidos-mas-baratos-y-mas-eficientes\/\" class=\"more-link\">Continue reading<span class=\"screen-reader-text\"> \u00abLA REVOLUCI\u00d3N VERDE: AEROGENERADORES TELESC\u00d3PICOS M\u00c1S R\u00c1PIDOS, M\u00c1S BARATOS Y M\u00c1S EFICIENTES\u00bb<\/span><\/a><\/p>\n","protected":false},"author":1,"featured_media":4257,"comment_status":"open","ping_status":"open","sticky":false,"template":"","format":"standard","meta":{"pgc_sgb_lightbox_settings":""},"categories":[186,158,157,7,21,154,12,172,190,160,165,149,156,167,161,159,155,22,174],"tags":[],"wps_subtitle":"","_links":{"self":[{"href":"http:\/\/muestra.vansterandlei.com\/es\/wp-json\/wp\/v2\/posts\/4256"}],"collection":[{"href":"http:\/\/muestra.vansterandlei.com\/es\/wp-json\/wp\/v2\/posts"}],"about":[{"href":"http:\/\/muestra.vansterandlei.com\/es\/wp-json\/wp\/v2\/types\/post"}],"author":[{"embeddable":true,"href":"http:\/\/muestra.vansterandlei.com\/es\/wp-json\/wp\/v2\/users\/1"}],"replies":[{"embeddable":true,"href":"http:\/\/muestra.vansterandlei.com\/es\/wp-json\/wp\/v2\/comments?post=4256"}],"version-history":[{"count":0,"href":"http:\/\/muestra.vansterandlei.com\/es\/wp-json\/wp\/v2\/posts\/4256\/revisions"}],"wp:featuredmedia":[{"embeddable":true,"href":"http:\/\/muestra.vansterandlei.com\/es\/wp-json\/wp\/v2\/media\/4257"}],"wp:attachment":[{"href":"http:\/\/muestra.vansterandlei.com\/es\/wp-json\/wp\/v2\/media?parent=4256"}],"wp:term":[{"taxonomy":"category","embeddable":true,"href":"http:\/\/muestra.vansterandlei.com\/es\/wp-json\/wp\/v2\/categories?post=4256"},{"taxonomy":"post_tag","embeddable":true,"href":"http:\/\/muestra.vansterandlei.com\/es\/wp-json\/wp\/v2\/tags?post=4256"}],"curies":[{"name":"wp","href":"https:\/\/api.w.org\/{rel}","templated":true}]}}