{"id":4272,"date":"2020-03-12T06:40:41","date_gmt":"2020-03-12T06:40:41","guid":{"rendered":"http:\/\/muestra.vansterandlei.com\/?p=4272"},"modified":"2020-05-20T06:32:34","modified_gmt":"2020-05-20T06:32:34","slug":"esteyco-realizara-el-proyecto-de-reparacion-del-contradique-de-zarautz","status":"publish","type":"post","link":"http:\/\/muestra.vansterandlei.com\/es\/esteyco-realizara-el-proyecto-de-reparacion-del-contradique-de-zarautz\/","title":{"rendered":"ESTEYCO REALIZAR\u00c1 EL PROYECTO DE REPARACI\u00d3N DEL CONTRADIQUE DE ZARAUTZ"},"content":{"rendered":"Tras el temporal del pasado 12 de febrero en el litoral Gipuzkoano, que arremeti\u00f3 con fuerza en el contradique del Puerto de Zarautz, el Ayuntamiento ha contratado a Esteyco como especialista en estructuras para realizar la recuperaci\u00f3n del contradique en la zona de las Piscinas Marinas de Zarautz, m\u00edticas por los saltos de los ba\u00f1istas zarauztarras\u00bb. <\/p>\n<p>El Ayuntamiento prev\u00e9 poder adjudicar la ejecuci\u00f3n de las obras en un plazo aproximado de 4 semanas desde la aprobaci\u00f3n del Proyecto, cuyo presupuesto de ejecuci\u00f3n de la reparaci\u00f3n se estima en 200.000 euros y con un plazo de ejecuci\u00f3n de 3 meses.<br \/>","protected":false},"excerpt":{"rendered":"<p>Tras el temporal del pasado 12 de febrero en el litoral Gipuzkoano, que arremeti\u00f3 con fuerza en el contradique del Puerto de Zarautz, el Ayuntamiento ha contratado a Esteyco como especialista en estructuras para realizar la recuperaci\u00f3n del contradique en la zona de las Piscinas Marinas de Zarautz, m\u00edticas por los saltos de los ba\u00f1istas &hellip; <a href=\"http:\/\/muestra.vansterandlei.com\/es\/esteyco-realizara-el-proyecto-de-reparacion-del-contradique-de-zarautz\/\" class=\"more-link\">Continue reading<span class=\"screen-reader-text\"> \u00abESTEYCO REALIZAR\u00c1 EL PROYECTO DE REPARACI\u00d3N DEL CONTRADIQUE DE ZARAUTZ\u00bb<\/span><\/a><\/p>\n","protected":false},"author":1,"featured_media":4273,"comment_status":"open","ping_status":"open","sticky":false,"template":"","format":"standard","meta":{"pgc_sgb_lightbox_settings":""},"categories":[186,194,18,154,12,5,156,15,11],"tags":[],"wps_subtitle":"","_links":{"self":[{"href":"http:\/\/muestra.vansterandlei.com\/es\/wp-json\/wp\/v2\/posts\/4272"}],"collection":[{"href":"http:\/\/muestra.vansterandlei.com\/es\/wp-json\/wp\/v2\/posts"}],"about":[{"href":"http:\/\/muestra.vansterandlei.com\/es\/wp-json\/wp\/v2\/types\/post"}],"author":[{"embeddable":true,"href":"http:\/\/muestra.vansterandlei.com\/es\/wp-json\/wp\/v2\/users\/1"}],"replies":[{"embeddable":true,"href":"http:\/\/muestra.vansterandlei.com\/es\/wp-json\/wp\/v2\/comments?post=4272"}],"version-history":[{"count":0,"href":"http:\/\/muestra.vansterandlei.com\/es\/wp-json\/wp\/v2\/posts\/4272\/revisions"}],"wp:featuredmedia":[{"embeddable":true,"href":"http:\/\/muestra.vansterandlei.com\/es\/wp-json\/wp\/v2\/media\/4273"}],"wp:attachment":[{"href":"http:\/\/muestra.vansterandlei.com\/es\/wp-json\/wp\/v2\/media?parent=4272"}],"wp:term":[{"taxonomy":"category","embeddable":true,"href":"http:\/\/muestra.vansterandlei.com\/es\/wp-json\/wp\/v2\/categories?post=4272"},{"taxonomy":"post_tag","embeddable":true,"href":"http:\/\/muestra.vansterandlei.com\/es\/wp-json\/wp\/v2\/tags?post=4272"}],"curies":[{"name":"wp","href":"https:\/\/api.w.org\/{rel}","templated":true}]}}