{"id":4307,"date":"2020-04-14T16:31:50","date_gmt":"2020-04-14T16:31:50","guid":{"rendered":"http:\/\/muestra.vansterandlei.com\/?p=4307"},"modified":"2020-07-21T07:38:45","modified_gmt":"2020-07-21T07:38:45","slug":"teoria-unificada-de-estructuras-y-cimientos-una-mirada-transversal-tuec","status":"publish","type":"post","link":"http:\/\/muestra.vansterandlei.com\/es\/teoria-unificada-de-estructuras-y-cimientos-una-mirada-transversal-tuec\/","title":{"rendered":"TEOR\u00cdA UNIFICADA DE ESTRUCTURAS Y CIMIENTOS. UNA MIRADA TRANSVERSAL (TUEC)"},"content":{"rendered":"<em>\u00abEl libro que nace de un sue\u00f1o, pues tan solo un so\u00f1ador se aventurar\u00eda a explicar como nunca antes lo que muchas veces se ha explicado\u2026<\/em>\u00abas\u00ed empieza el art\u00edculo escrito por Jos\u00e9 Serna y Carlos Garc\u00eda Ac\u00f3n sobre la pr\u00f3xima publicaci\u00f3n de libro de la Teor\u00eda Unificada de Estructuras y Cimientos. Una mirada transversal (TUEC), de la revista Rutas de la Asociaci\u00f3n T\u00e9cnica de Carreteras (ATC). Escribirlo ha llevado 12 a\u00f1os, hacerlo posible ha sido gracias a la trayectoria de toda una vida, m\u00e1s de cinco d\u00e9cadas en las que Javier Rui-Wamba ha dedicado pasi\u00f3n a la profesi\u00f3n de ingeniero. A continuaci\u00f3n, se puede consultar el art\u00edculo \u00edntegro de la revista.<br \/>\n<a href=\"http:\/\/muestra.vansterandlei.com\/wp-content\/uploads\/2020\/04\/Art\u00edculo-integro-TUEC_rutas.pdf\">Art\u00edculo integro TUEC_rutas<\/a>","protected":false},"excerpt":{"rendered":"<p>\u00abEl libro que nace de un sue\u00f1o, pues tan solo un so\u00f1ador se aventurar\u00eda a explicar como nunca antes lo que muchas veces se ha explicado\u2026\u00abas\u00ed empieza el art\u00edculo escrito por Jos\u00e9 Serna y Carlos Garc\u00eda Ac\u00f3n sobre la pr\u00f3xima publicaci\u00f3n de libro de la Teor\u00eda Unificada de Estructuras y Cimientos. Una mirada transversal (TUEC), &hellip; <a href=\"http:\/\/muestra.vansterandlei.com\/es\/teoria-unificada-de-estructuras-y-cimientos-una-mirada-transversal-tuec\/\" class=\"more-link\">Continue reading<span class=\"screen-reader-text\"> \u00abTEOR\u00cdA UNIFICADA DE ESTRUCTURAS Y CIMIENTOS. UNA MIRADA TRANSVERSAL (TUEC)\u00bb<\/span><\/a><\/p>\n","protected":false},"author":1,"featured_media":4310,"comment_status":"open","ping_status":"open","sticky":false,"template":"","format":"standard","meta":{"pgc_sgb_lightbox_settings":""},"categories":[186,154,12,156,167,197,196],"tags":[],"wps_subtitle":"","_links":{"self":[{"href":"http:\/\/muestra.vansterandlei.com\/es\/wp-json\/wp\/v2\/posts\/4307"}],"collection":[{"href":"http:\/\/muestra.vansterandlei.com\/es\/wp-json\/wp\/v2\/posts"}],"about":[{"href":"http:\/\/muestra.vansterandlei.com\/es\/wp-json\/wp\/v2\/types\/post"}],"author":[{"embeddable":true,"href":"http:\/\/muestra.vansterandlei.com\/es\/wp-json\/wp\/v2\/users\/1"}],"replies":[{"embeddable":true,"href":"http:\/\/muestra.vansterandlei.com\/es\/wp-json\/wp\/v2\/comments?post=4307"}],"version-history":[{"count":0,"href":"http:\/\/muestra.vansterandlei.com\/es\/wp-json\/wp\/v2\/posts\/4307\/revisions"}],"wp:featuredmedia":[{"embeddable":true,"href":"http:\/\/muestra.vansterandlei.com\/es\/wp-json\/wp\/v2\/media\/4310"}],"wp:attachment":[{"href":"http:\/\/muestra.vansterandlei.com\/es\/wp-json\/wp\/v2\/media?parent=4307"}],"wp:term":[{"taxonomy":"category","embeddable":true,"href":"http:\/\/muestra.vansterandlei.com\/es\/wp-json\/wp\/v2\/categories?post=4307"},{"taxonomy":"post_tag","embeddable":true,"href":"http:\/\/muestra.vansterandlei.com\/es\/wp-json\/wp\/v2\/tags?post=4307"}],"curies":[{"name":"wp","href":"https:\/\/api.w.org\/{rel}","templated":true}]}}