{"id":4317,"date":"2020-05-20T06:32:19","date_gmt":"2020-05-20T06:32:19","guid":{"rendered":"http:\/\/muestra.vansterandlei.com\/?p=4317"},"modified":"2020-06-26T08:49:49","modified_gmt":"2020-06-26T08:49:49","slug":"asistencia-tecnica-desmantelamiento-peajes-autopista-ap7","status":"publish","type":"post","link":"http:\/\/muestra.vansterandlei.com\/es\/asistencia-tecnica-desmantelamiento-peajes-autopista-ap7\/","title":{"rendered":"ASISTENCIA T\u00c9CNICA PARA EL DESMANTELAMIENTO DEL PEAJE AUTOPISTA AP-7 (VILASECA -CASTELL\u00d3N)"},"content":{"rendered":"El pasado lunes d\u00eda 4 de mayo comenzaron los trabajos de desmantelamiento de los peajes de la Autopista E15\/AP-7 en el tramo Vilaseca &#8211; L\u00edmite de Provincia con Castell\u00f3n (86 km).<\/p>\n<p>ESTEYCO lleva prestando servicios de asistencia t\u00e9cnica para la Unidad de Carreteras de Tarragona (DGC) desde que \u00e9sta recuperase el control sobre la titularidad de la Autopista E15\/AP-7 el 1 de enero de 2020, hasta entonces concesionada por Autopistas (Grupo Abertis).<\/p>\n<p>Entre los trabajos que realiza ESTEYCO, destaca la elaboraci\u00f3n de distinta documentaci\u00f3n t\u00e9cnica para restituir el trazado a trav\u00e9s de los peajes, as\u00ed como el control y vigilancia de las obras y de todas las actividades de conservaci\u00f3n y explotaci\u00f3n del tramo. ESTEYCO est\u00e1 realizando, adem\u00e1s, dentro del marco de reversi\u00f3n de la titularidad, distintos estudios t\u00e9cnicos para garantizar que la autopista opere en el tramo seg\u00fan los est\u00e1ndares contemplados por la Administraci\u00f3n.<\/p>\n<p>Aunque desde el pasado 1 de enero de 2020, el paso a trav\u00e9s de los peajes se pod\u00eda realizar gratuitamente, se prev\u00e9 que para comienzos del mes de agosto se podr\u00e1 pasar libremente en los enlaces de Cambrils, L&#8217;Hospitalet, La Ametlla de Mar, La Ampolla, Tortosa y Amposta, sin la presencia de los obst\u00e1culos que representan actualmente las instalaciones de peaje.<br \/>","protected":false},"excerpt":{"rendered":"<p>El pasado lunes d\u00eda 4 de mayo comenzaron los trabajos de desmantelamiento de los peajes de la Autopista E15\/AP-7 en el tramo Vilaseca &#8211; L\u00edmite de Provincia con Castell\u00f3n (86 km). ESTEYCO lleva prestando servicios de asistencia t\u00e9cnica para la Unidad de Carreteras de Tarragona (DGC) desde que \u00e9sta recuperase el control sobre la titularidad &hellip; <a href=\"http:\/\/muestra.vansterandlei.com\/es\/asistencia-tecnica-desmantelamiento-peajes-autopista-ap7\/\" class=\"more-link\">Continue reading<span class=\"screen-reader-text\"> \u00abASISTENCIA T\u00c9CNICA PARA EL DESMANTELAMIENTO DEL PEAJE AUTOPISTA AP-7 (VILASECA -CASTELL\u00d3N)\u00bb<\/span><\/a><\/p>\n","protected":false},"author":1,"featured_media":4318,"comment_status":"open","ping_status":"open","sticky":false,"template":"","format":"standard","meta":{"pgc_sgb_lightbox_settings":""},"categories":[186,154,5,156,14,9],"tags":[],"wps_subtitle":"","_links":{"self":[{"href":"http:\/\/muestra.vansterandlei.com\/es\/wp-json\/wp\/v2\/posts\/4317"}],"collection":[{"href":"http:\/\/muestra.vansterandlei.com\/es\/wp-json\/wp\/v2\/posts"}],"about":[{"href":"http:\/\/muestra.vansterandlei.com\/es\/wp-json\/wp\/v2\/types\/post"}],"author":[{"embeddable":true,"href":"http:\/\/muestra.vansterandlei.com\/es\/wp-json\/wp\/v2\/users\/1"}],"replies":[{"embeddable":true,"href":"http:\/\/muestra.vansterandlei.com\/es\/wp-json\/wp\/v2\/comments?post=4317"}],"version-history":[{"count":0,"href":"http:\/\/muestra.vansterandlei.com\/es\/wp-json\/wp\/v2\/posts\/4317\/revisions"}],"wp:featuredmedia":[{"embeddable":true,"href":"http:\/\/muestra.vansterandlei.com\/es\/wp-json\/wp\/v2\/media\/4318"}],"wp:attachment":[{"href":"http:\/\/muestra.vansterandlei.com\/es\/wp-json\/wp\/v2\/media?parent=4317"}],"wp:term":[{"taxonomy":"category","embeddable":true,"href":"http:\/\/muestra.vansterandlei.com\/es\/wp-json\/wp\/v2\/categories?post=4317"},{"taxonomy":"post_tag","embeddable":true,"href":"http:\/\/muestra.vansterandlei.com\/es\/wp-json\/wp\/v2\/tags?post=4317"}],"curies":[{"name":"wp","href":"https:\/\/api.w.org\/{rel}","templated":true}]}}