{"id":4414,"date":"2020-07-16T12:25:46","date_gmt":"2020-07-16T12:25:46","guid":{"rendered":"http:\/\/muestra.vansterandlei.com\/?p=4414"},"modified":"2020-08-05T08:21:19","modified_gmt":"2020-08-05T08:21:19","slug":"las-obras-de-reparacion-del-puerto-a-punto-de-concluir","status":"publish","type":"post","link":"http:\/\/muestra.vansterandlei.com\/es\/las-obras-de-reparacion-del-puerto-a-punto-de-concluir\/","title":{"rendered":"LAS OBRAS DE REPARACI\u00d3N DEL PUERTO DE ZARAUTZ, A PUNTO DE CONCLUIR"},"content":{"rendered":"<p style=\"margin: 0cm; margin-bottom: .0001pt; text-align: justify; line-height: 20.25pt; background: white;\"><span style=\"font-size: 13.5pt; font-family: 'Arial',sans-serif; color: #46505a; letter-spacing: -.4pt;\">El temporal de primeros de febrero provoc\u00f3 un boquete en un punto debilitado del muro de abrigo del puerto de Zarautz, que ya se encontraba muy deteriorado. Desde entonces, el Ayuntamiento se puso manos a la obra para poder recuperar uno de los tesoros m\u00e1s preciados de nuestra villa.<\/span><\/p>\n<p style=\"margin: 0cm; margin-bottom: .0001pt; text-align: justify; line-height: 20.25pt; background: white;\"><span style=\"font-size: 13.5pt; font-family: 'Arial',sans-serif; color: #46505a; letter-spacing: -.4pt;\">Xabier Txurruka (EAJ-PNV) Alcalde de Zarautz afirma que \u201cen menos de 6 meses, vamos a poder disfrutar nuevamente de nuestro puerto. Estamos a falta de los remates finales, concretamente, falta poco m\u00e1s que colocar las nuevas barandillas y escaleras y volver a instalar las cadenas y cuerdas para amarre de las embarcaciones\u201d.<\/span><\/p>\n<p style=\"margin: 0cm; margin-bottom: .0001pt; text-align: justify; line-height: 20.25pt; background: white;\"><span style=\"font-size: 13.5pt; font-family: 'Arial',sans-serif; color: #46505a; letter-spacing: -.4pt;\">Durante las obras, el ayuntamiento ha querido aprovechar la oportunidad para realizar otros trabajos pendientes de renovaci\u00f3n en el muelle. As\u00ed, se ha encargado a la empresa Harri Construcciones y Mamposter\u00eda S.L. la sustituci\u00f3n del viejo trampol\u00edn, que estaba muy da\u00f1ado por el embate de las olas. Tambi\u00e9n se est\u00e1n realizando trabajos complementarios de alba\u00f1iler\u00eda y canter\u00eda.<\/span><\/p>\n<p style=\"margin: 0cm; margin-bottom: .0001pt; text-align: justify; line-height: 20.25pt; background: white;\"><span style=\"font-size: 13.5pt; font-family: 'Arial',sans-serif; color: #46505a; letter-spacing: -.4pt;\">\u201cConcluiremos esta \u00faltima fase con el pintado integral de barandillas y pretiles. Estamos muy contentos y satisfechos con el trabajo realizado por la empresa Harri Construcciones y Mamposter\u00eda con la direcci\u00f3n de obra a cargo de la consultora de ingenier\u00eda y arquitectura Esteyco. El resultado salta a la vista. La gente tambi\u00e9n nos ha transmitido su satisfacci\u00f3n por el resultado de la reconstrucci\u00f3n. Esperamos poder abrir el puerto a mediados de agosto, para el disfrute de los y las zarauztarras\u201d afirma Txurruka.<\/span><\/p>\n<p>&nbsp;<\/p>\n<p>Fuente:\u00a0<a href=\"https:\/\/www.zarautz.eus\/es\/-\/moila-konpontzeko-lanak-amaitzear\">Ayuntamiento Zarautz<\/a>","protected":false},"excerpt":{"rendered":"<p>El temporal de primeros de febrero provoc\u00f3 un boquete en un punto debilitado del muro de abrigo del puerto de Zarautz, que ya se encontraba muy deteriorado. Desde entonces, el Ayuntamiento se puso manos a la obra para poder recuperar uno de los tesoros m\u00e1s preciados de nuestra villa. Xabier Txurruka (EAJ-PNV) Alcalde de Zarautz &hellip; <a href=\"http:\/\/muestra.vansterandlei.com\/es\/las-obras-de-reparacion-del-puerto-a-punto-de-concluir\/\" class=\"more-link\">Continue reading<span class=\"screen-reader-text\"> \u00abLAS OBRAS DE REPARACI\u00d3N DEL PUERTO DE ZARAUTZ, A PUNTO DE CONCLUIR\u00bb<\/span><\/a><\/p>\n","protected":false},"author":1,"featured_media":4415,"comment_status":"open","ping_status":"open","sticky":false,"template":"","format":"standard","meta":{"pgc_sgb_lightbox_settings":""},"categories":[186,194,6,154,12,5,13,156,15,1],"tags":[],"wps_subtitle":"","_links":{"self":[{"href":"http:\/\/muestra.vansterandlei.com\/es\/wp-json\/wp\/v2\/posts\/4414"}],"collection":[{"href":"http:\/\/muestra.vansterandlei.com\/es\/wp-json\/wp\/v2\/posts"}],"about":[{"href":"http:\/\/muestra.vansterandlei.com\/es\/wp-json\/wp\/v2\/types\/post"}],"author":[{"embeddable":true,"href":"http:\/\/muestra.vansterandlei.com\/es\/wp-json\/wp\/v2\/users\/1"}],"replies":[{"embeddable":true,"href":"http:\/\/muestra.vansterandlei.com\/es\/wp-json\/wp\/v2\/comments?post=4414"}],"version-history":[{"count":0,"href":"http:\/\/muestra.vansterandlei.com\/es\/wp-json\/wp\/v2\/posts\/4414\/revisions"}],"wp:featuredmedia":[{"embeddable":true,"href":"http:\/\/muestra.vansterandlei.com\/es\/wp-json\/wp\/v2\/media\/4415"}],"wp:attachment":[{"href":"http:\/\/muestra.vansterandlei.com\/es\/wp-json\/wp\/v2\/media?parent=4414"}],"wp:term":[{"taxonomy":"category","embeddable":true,"href":"http:\/\/muestra.vansterandlei.com\/es\/wp-json\/wp\/v2\/categories?post=4414"},{"taxonomy":"post_tag","embeddable":true,"href":"http:\/\/muestra.vansterandlei.com\/es\/wp-json\/wp\/v2\/tags?post=4414"}],"curies":[{"name":"wp","href":"https:\/\/api.w.org\/{rel}","templated":true}]}}