{"id":4433,"date":"2020-08-05T08:21:00","date_gmt":"2020-08-05T08:21:00","guid":{"rendered":"http:\/\/muestra.vansterandlei.com\/?p=4433"},"modified":"2020-10-09T10:30:56","modified_gmt":"2020-10-09T10:30:56","slug":"urbanizacion-del-parque-y-la-zona-de-juegos-infantiles-de-las-casernes-de-sant-andreu","status":"publish","type":"post","link":"http:\/\/muestra.vansterandlei.com\/es\/urbanizacion-del-parque-y-la-zona-de-juegos-infantiles-de-las-casernes-de-sant-andreu\/","title":{"rendered":"URBANIZACI\u00d3N DEL PARQUE Y LA ZONA DE JUEGOS INFANTILES DE LAS CASERNES DE SANT ANDREU"},"content":{"rendered":"El pasado mes de junio la revista Equipamiento y Servicios Municipales, public\u00f3 un art\u00edculo escrito por Andreu Estany, director de arquitectura en Esteyco y director de las obras de la urbanizaci\u00f3n del parque y juegos infantiles de Sant Andreu. En el art\u00edculo plasma la importancia de esta gran transformaci\u00f3n urban\u00edstica, la actividad de los antiguos cuarteles de Sant Andreu, en Barcelona, ha permitido la incorporaci\u00f3n en la ciudad de dos importantes superficies de 5 y 6 hect\u00e1reas integrando los terrenos dentro del entorno del barrio y de la ciudad.<\/p>\n<p>El parque se organiza a trav\u00e9s de un gran paseo que lo atraviesa de norte a sur, articulando distintos espacios con caracter\u00edsticas y elementos que definen sus usos y actividades. En la zona norte del parque en paralelo con la calle Gran de Sant Andreu se crea una peque\u00f1a colina ajardinada \u2013 mirador con \u00e1rboles y arbustos en franjas escalonadas- y con un suave recorrido que ofrece las vistas elevadas sobre el parque y el gran espacio recuperado.<\/p>\n<p>Para poder leer el art\u00edculo completo link \u201cUrbanizaci\u00f3n del parque y zona de juegos infantiles de las Casernes de Sant Andreu\u201d p\u00e1gina 94 a las 103.<\/p>\n<p>Fuente:\u00a0<a href=\"https:\/\/www.eysmunicipales.es\/revista\/segundo-trimestre-yU\">https:\/\/www.eysmunicipales.es\/revista\/segundo-trimestre-yU<\/a><\/p>\n<p><a href=\"http:\/\/muestra.vansterandlei.com\/wp-content\/uploads\/2020\/08\/Urbanizaci\u00f3n-Casernes-St.-Andreu.pdf\">Art\u00edculo urbanizaci\u00f3n St. Andreu<\/a>","protected":false},"excerpt":{"rendered":"<p>El pasado mes de junio la revista Equipamiento y Servicios Municipales, public\u00f3 un art\u00edculo escrito por Andreu Estany, director de arquitectura en Esteyco y director de las obras de la urbanizaci\u00f3n del parque y juegos infantiles de Sant Andreu. En el art\u00edculo plasma la importancia de esta gran transformaci\u00f3n urban\u00edstica, la actividad de los antiguos &hellip; <a href=\"http:\/\/muestra.vansterandlei.com\/es\/urbanizacion-del-parque-y-la-zona-de-juegos-infantiles-de-las-casernes-de-sant-andreu\/\" class=\"more-link\">Continue reading<span class=\"screen-reader-text\"> \u00abURBANIZACI\u00d3N DEL PARQUE Y LA ZONA DE JUEGOS INFANTILES DE LAS CASERNES DE SANT ANDREU\u00bb<\/span><\/a><\/p>\n","protected":false},"author":1,"featured_media":4437,"comment_status":"open","ping_status":"open","sticky":false,"template":"","format":"standard","meta":{"pgc_sgb_lightbox_settings":""},"categories":[17,6,18,20,154,12,5,156,15,16],"tags":[],"wps_subtitle":"","_links":{"self":[{"href":"http:\/\/muestra.vansterandlei.com\/es\/wp-json\/wp\/v2\/posts\/4433"}],"collection":[{"href":"http:\/\/muestra.vansterandlei.com\/es\/wp-json\/wp\/v2\/posts"}],"about":[{"href":"http:\/\/muestra.vansterandlei.com\/es\/wp-json\/wp\/v2\/types\/post"}],"author":[{"embeddable":true,"href":"http:\/\/muestra.vansterandlei.com\/es\/wp-json\/wp\/v2\/users\/1"}],"replies":[{"embeddable":true,"href":"http:\/\/muestra.vansterandlei.com\/es\/wp-json\/wp\/v2\/comments?post=4433"}],"version-history":[{"count":0,"href":"http:\/\/muestra.vansterandlei.com\/es\/wp-json\/wp\/v2\/posts\/4433\/revisions"}],"wp:featuredmedia":[{"embeddable":true,"href":"http:\/\/muestra.vansterandlei.com\/es\/wp-json\/wp\/v2\/media\/4437"}],"wp:attachment":[{"href":"http:\/\/muestra.vansterandlei.com\/es\/wp-json\/wp\/v2\/media?parent=4433"}],"wp:term":[{"taxonomy":"category","embeddable":true,"href":"http:\/\/muestra.vansterandlei.com\/es\/wp-json\/wp\/v2\/categories?post=4433"},{"taxonomy":"post_tag","embeddable":true,"href":"http:\/\/muestra.vansterandlei.com\/es\/wp-json\/wp\/v2\/tags?post=4433"}],"curies":[{"name":"wp","href":"https:\/\/api.w.org\/{rel}","templated":true}]}}