{"id":4444,"date":"2020-09-28T13:06:28","date_gmt":"2020-09-28T13:06:28","guid":{"rendered":"http:\/\/muestra.vansterandlei.com\/?p=4444"},"modified":"2020-10-30T10:11:22","modified_gmt":"2020-10-30T10:11:22","slug":"tramitacion-ambiental-proyecto-terra-energia","status":"publish","type":"post","link":"http:\/\/muestra.vansterandlei.com\/es\/tramitacion-ambiental-proyecto-terra-energia\/","title":{"rendered":"TRAMITACI\u00d3N AMBIENTAL PROYECTO TERRA ENERG\u00cdA"},"content":{"rendered":"El pasado mes de agosto, AES Gener ingres\u00f3 al Servicio de Evaluaci\u00f3n Ambiental (SEA) el proyecto Terra Energ\u00eda Renovable, h\u00edbrido y de generaci\u00f3n renovable, y que contempla la instalaci\u00f3n de un total de 862MW.<\/p>\n<p>Situado en la regi\u00f3n de Antofagasta, la nueva central de generaci\u00f3n integra, de forma innovadora y en aras de la sostenibilidad y la m\u00e1xima eficiencia, tecnolog\u00eda e\u00f3lica, solar fotovoltaica y de almacenamiento de energ\u00eda (bater\u00edas).<\/p>\n<p>De este modo, el parque e\u00f3lico contar\u00e1 con una potencia instalada de 350MW (50 torres e\u00f3licas con m\u00e1quinas de 7MW) y el solar lo har\u00e1 con 513MW resueltos con tecnolog\u00eda de panel bifacial (+ de 1.000.000!) y con un seguidor N-S.<\/p>\n<p>La iniciativa supondr\u00e1 una inversi\u00f3n entorno los 750MUSD y se prev\u00e9 que pueda entrar en funcionamiento en 2022.<\/p>\n<p>Esteyco participa y acompa\u00f1a a AES Gener en el desarrollo t\u00e9cnico de este proyecto de forma integral: desde su concepci\u00f3n y hasta la puesta en marcha. Es por ello que nos alegramos de la consecuci\u00f3n de este hito clave para el proyecto y para AES Gener en Chile.","protected":false},"excerpt":{"rendered":"<p>El pasado mes de agosto, AES Gener ingres\u00f3 al Servicio de Evaluaci\u00f3n Ambiental (SEA) el proyecto Terra Energ\u00eda Renovable, h\u00edbrido y de generaci\u00f3n renovable, y que contempla la instalaci\u00f3n de un total de 862MW. Situado en la regi\u00f3n de Antofagasta, la nueva central de generaci\u00f3n integra, de forma innovadora y en aras de la sostenibilidad &hellip; <a href=\"http:\/\/muestra.vansterandlei.com\/es\/tramitacion-ambiental-proyecto-terra-energia\/\" class=\"more-link\">Continue reading<span class=\"screen-reader-text\"> \u00abTRAMITACI\u00d3N AMBIENTAL PROYECTO TERRA ENERG\u00cdA\u00bb<\/span><\/a><\/p>\n","protected":false},"author":1,"featured_media":4445,"comment_status":"open","ping_status":"open","sticky":false,"template":"","format":"standard","meta":{"pgc_sgb_lightbox_settings":""},"categories":[194,7,21,154,12,149,5,156,24,22],"tags":[],"wps_subtitle":"","_links":{"self":[{"href":"http:\/\/muestra.vansterandlei.com\/es\/wp-json\/wp\/v2\/posts\/4444"}],"collection":[{"href":"http:\/\/muestra.vansterandlei.com\/es\/wp-json\/wp\/v2\/posts"}],"about":[{"href":"http:\/\/muestra.vansterandlei.com\/es\/wp-json\/wp\/v2\/types\/post"}],"author":[{"embeddable":true,"href":"http:\/\/muestra.vansterandlei.com\/es\/wp-json\/wp\/v2\/users\/1"}],"replies":[{"embeddable":true,"href":"http:\/\/muestra.vansterandlei.com\/es\/wp-json\/wp\/v2\/comments?post=4444"}],"version-history":[{"count":0,"href":"http:\/\/muestra.vansterandlei.com\/es\/wp-json\/wp\/v2\/posts\/4444\/revisions"}],"wp:featuredmedia":[{"embeddable":true,"href":"http:\/\/muestra.vansterandlei.com\/es\/wp-json\/wp\/v2\/media\/4445"}],"wp:attachment":[{"href":"http:\/\/muestra.vansterandlei.com\/es\/wp-json\/wp\/v2\/media?parent=4444"}],"wp:term":[{"taxonomy":"category","embeddable":true,"href":"http:\/\/muestra.vansterandlei.com\/es\/wp-json\/wp\/v2\/categories?post=4444"},{"taxonomy":"post_tag","embeddable":true,"href":"http:\/\/muestra.vansterandlei.com\/es\/wp-json\/wp\/v2\/tags?post=4444"}],"curies":[{"name":"wp","href":"https:\/\/api.w.org\/{rel}","templated":true}]}}