{"id":4457,"date":"2020-10-09T10:30:39","date_gmt":"2020-10-09T10:30:39","guid":{"rendered":"http:\/\/muestra.vansterandlei.com\/?p=4457"},"modified":"2020-11-06T12:33:23","modified_gmt":"2020-11-06T12:33:23","slug":"iv-nit-de-les-infraestructures","status":"publish","type":"post","link":"http:\/\/muestra.vansterandlei.com\/es\/iv-nit-de-les-infraestructures\/","title":{"rendered":"IV NIT DE LES INFRAESTRUCTURES"},"content":{"rendered":"El pr\u00f3ximo 14 de octubre a las 18:00 horas, en el Auditorio de Fomento del Trabajo Nacional, tendr\u00e1 lugar la IV Nit de les Infraestructures, acto en el que se entregar\u00e1 el Premio Consejo Asesor de Infraestructuras de Catalu\u00f1a a la infraestructura de 2019.<\/p>\n<p>El acto se podr\u00e1 seguir telem\u00e1ticamente y participar\u00e1n:<\/p>\n<p>Josep S\u00e1nchez Llibre. Presidente del Foment del Treball.<\/p>\n<p>Francisco Guti\u00e9rrez. Presidente Consell Assessor d\u2019Infraestructures de Catalunya.<\/p>\n<p>Javier Rui-Wamba Martija. Presidente de la Fundaci\u00f3n Esteyco, como invitado de honor que presentar\u00e1 su ponencia.<\/p>\n<p>Janet Sanz. Segunda Teniente de Alcalde de l\u2019Ajuntament de Barcelona<\/p>\n<p>Dami\u00e0 Calvet. Conseller. Departament de Territori i Sosteniblitat<\/p>\n<p>Pedro Saura. Secretario de Estado de Transportes, Movilidad y Agenda Urbana. Ministerio de Transportes, Movilidad y Agenda Urbana.","protected":false},"excerpt":{"rendered":"<p>El pr\u00f3ximo 14 de octubre a las 18:00 horas, en el Auditorio de Fomento del Trabajo Nacional, tendr\u00e1 lugar la IV Nit de les Infraestructures, acto en el que se entregar\u00e1 el Premio Consejo Asesor de Infraestructuras de Catalu\u00f1a a la infraestructura de 2019. El acto se podr\u00e1 seguir telem\u00e1ticamente y participar\u00e1n: Josep S\u00e1nchez Llibre. &hellip; <a href=\"http:\/\/muestra.vansterandlei.com\/es\/iv-nit-de-les-infraestructures\/\" class=\"more-link\">Continue reading<span class=\"screen-reader-text\"> \u00abIV NIT DE LES INFRAESTRUCTURES\u00bb<\/span><\/a><\/p>\n","protected":false},"author":1,"featured_media":4458,"comment_status":"open","ping_status":"open","sticky":false,"template":"","format":"standard","meta":{"pgc_sgb_lightbox_settings":""},"categories":[186,6,18,7,190,149,156,167],"tags":[],"wps_subtitle":"","_links":{"self":[{"href":"http:\/\/muestra.vansterandlei.com\/es\/wp-json\/wp\/v2\/posts\/4457"}],"collection":[{"href":"http:\/\/muestra.vansterandlei.com\/es\/wp-json\/wp\/v2\/posts"}],"about":[{"href":"http:\/\/muestra.vansterandlei.com\/es\/wp-json\/wp\/v2\/types\/post"}],"author":[{"embeddable":true,"href":"http:\/\/muestra.vansterandlei.com\/es\/wp-json\/wp\/v2\/users\/1"}],"replies":[{"embeddable":true,"href":"http:\/\/muestra.vansterandlei.com\/es\/wp-json\/wp\/v2\/comments?post=4457"}],"version-history":[{"count":0,"href":"http:\/\/muestra.vansterandlei.com\/es\/wp-json\/wp\/v2\/posts\/4457\/revisions"}],"wp:featuredmedia":[{"embeddable":true,"href":"http:\/\/muestra.vansterandlei.com\/es\/wp-json\/wp\/v2\/media\/4458"}],"wp:attachment":[{"href":"http:\/\/muestra.vansterandlei.com\/es\/wp-json\/wp\/v2\/media?parent=4457"}],"wp:term":[{"taxonomy":"category","embeddable":true,"href":"http:\/\/muestra.vansterandlei.com\/es\/wp-json\/wp\/v2\/categories?post=4457"},{"taxonomy":"post_tag","embeddable":true,"href":"http:\/\/muestra.vansterandlei.com\/es\/wp-json\/wp\/v2\/tags?post=4457"}],"curies":[{"name":"wp","href":"https:\/\/api.w.org\/{rel}","templated":true}]}}