{"id":4472,"date":"2020-11-06T12:33:07","date_gmt":"2020-11-06T12:33:07","guid":{"rendered":"http:\/\/muestra.vansterandlei.com\/?p=4472"},"modified":"2021-01-15T19:57:59","modified_gmt":"2021-01-15T19:57:59","slug":"premios-donostiainn-viralgen-galardonada-con-el-premio-a-la-empresa-joven","status":"publish","type":"post","link":"http:\/\/muestra.vansterandlei.com\/es\/premios-donostiainn-viralgen-galardonada-con-el-premio-a-la-empresa-joven\/","title":{"rendered":"PREMIOS DONOSTIAINN: VIRALGEN GALARDONADA CON EL PREMIO A LA EMPRESA  JOVEN"},"content":{"rendered":"En el marco de la semana de la innovaci\u00f3n organizada por Fomento de San Sebasti\u00e1n, la Concejal\u00eda de Impulso Econ\u00f3mico, en la quinta edici\u00f3n de los premios DonostiaINN, entregaron el premio a la empresa joven por su apuesta en innovaci\u00f3n, su enfoque global y su vinculaci\u00f3n con la ciudad a Viralgen.<\/p>\n<p>Empresa fundada en 2017, como empresa conjunta entre Askbio y Columbus Venture. Nace en respuesta a la necesidad insatisfecha de fabricaci\u00f3n de las terapias g\u00e9nicas basadas en virus adenoasociados (AAV). Recientemente ha sido adquirida por la farmac\u00e9utica Bayer.<\/p>\n<p>En enero de 2020 se iniciaron las obras que albergar\u00e1n la sede de Viralgen en el parque tecnol\u00f3gico de Miram\u00f3n en San Sebasti\u00e1n. Esteyco es responsable del proyecto de arquitectura e ingenier\u00eda, as\u00ed como de la direcci\u00f3n de obra que se est\u00e1 llevando a cabo actualmente.<\/p>\n<p>El complejo estar\u00e1 formado por tres bloques asentados en una parcela de 14.000m<sup>2<\/sup> donde cada uno de los bloques consta de 5 plantas, dos de ellas bajo rasante. El volumen del edificio sobre rasante tiene una altura m\u00e1xima de 17 m.<\/p>\n<p>El objetivo es finalizar la primera fase de las obras para comenzar con la fabricaci\u00f3n de vectores virales para enfermedades raras, y a su vez estar preparados para la fabricaci\u00f3n de la vacuna contra la Covid-19 del Massachusset General Brigham Hospital (MGB) y la Universidad de Harvard en el caso de que progrese en los ensayos cl\u00ednicos","protected":false},"excerpt":{"rendered":"<p>En el marco de la semana de la innovaci\u00f3n organizada por Fomento de San Sebasti\u00e1n, la Concejal\u00eda de Impulso Econ\u00f3mico, en la quinta edici\u00f3n de los premios DonostiaINN, entregaron el premio a la empresa joven por su apuesta en innovaci\u00f3n, su enfoque global y su vinculaci\u00f3n con la ciudad a Viralgen. Empresa fundada en 2017, &hellip; <a href=\"http:\/\/muestra.vansterandlei.com\/es\/premios-donostiainn-viralgen-galardonada-con-el-premio-a-la-empresa-joven\/\" class=\"more-link\">Continue reading<span class=\"screen-reader-text\"> \u00abPREMIOS DONOSTIAINN: VIRALGEN GALARDONADA CON EL PREMIO A LA EMPRESA  JOVEN\u00bb<\/span><\/a><\/p>\n","protected":false},"author":1,"featured_media":4343,"comment_status":"open","ping_status":"open","sticky":false,"template":"","format":"standard","meta":{"pgc_sgb_lightbox_settings":""},"categories":[186,17,6,19,154,12,149,13,156,15,14,202],"tags":[],"wps_subtitle":"","_links":{"self":[{"href":"http:\/\/muestra.vansterandlei.com\/es\/wp-json\/wp\/v2\/posts\/4472"}],"collection":[{"href":"http:\/\/muestra.vansterandlei.com\/es\/wp-json\/wp\/v2\/posts"}],"about":[{"href":"http:\/\/muestra.vansterandlei.com\/es\/wp-json\/wp\/v2\/types\/post"}],"author":[{"embeddable":true,"href":"http:\/\/muestra.vansterandlei.com\/es\/wp-json\/wp\/v2\/users\/1"}],"replies":[{"embeddable":true,"href":"http:\/\/muestra.vansterandlei.com\/es\/wp-json\/wp\/v2\/comments?post=4472"}],"version-history":[{"count":0,"href":"http:\/\/muestra.vansterandlei.com\/es\/wp-json\/wp\/v2\/posts\/4472\/revisions"}],"wp:featuredmedia":[{"embeddable":true,"href":"http:\/\/muestra.vansterandlei.com\/es\/wp-json\/wp\/v2\/media\/4343"}],"wp:attachment":[{"href":"http:\/\/muestra.vansterandlei.com\/es\/wp-json\/wp\/v2\/media?parent=4472"}],"wp:term":[{"taxonomy":"category","embeddable":true,"href":"http:\/\/muestra.vansterandlei.com\/es\/wp-json\/wp\/v2\/categories?post=4472"},{"taxonomy":"post_tag","embeddable":true,"href":"http:\/\/muestra.vansterandlei.com\/es\/wp-json\/wp\/v2\/tags?post=4472"}],"curies":[{"name":"wp","href":"https:\/\/api.w.org\/{rel}","templated":true}]}}