{"id":4728,"date":"2021-04-28T10:46:05","date_gmt":"2021-04-28T10:46:05","guid":{"rendered":"http:\/\/muestra.vansterandlei.com\/?p=4728"},"modified":"2021-05-05T12:53:36","modified_gmt":"2021-05-05T12:53:36","slug":"final-phase-of-construction-of-glories-tunnels-project","status":"publish","type":"post","link":"http:\/\/muestra.vansterandlei.com\/es\/los-tuneles-de-glories-entran-en-su-fase-final-de-ejecucion\/","title":{"rendered":"LOS T\u00daNELES DE GL\u00d2RIES ENTRAN EN SU FASE FINAL DE EJECUCI\u00d3N."},"content":{"rendered":"Seg\u00fan ha anunciado la propia alcaldesa de Barcelona, Ada Colau, durante una visita a las obras de los t\u00faneles de Gl\u00f2ries el pasado d\u00eda 22 de abril, el pr\u00f3ximo mes de septiembre se pondr\u00e1 en servicio la galer\u00eda mar del t\u00fanel. La galer\u00eda monta\u00f1a entrar\u00e1 en servicio en el mes de diciembre.<\/p>\n<p>En estos pr\u00f3ximos meses las obras de ejecuci\u00f3n de los t\u00faneles de Gl\u00f2ries encaran su fase final. Con la obra civil del t\u00fanel pr\u00e1cticamente terminada actualmente se est\u00e1n acometiendo los trabajos de ejecuci\u00f3n de los diferentes sistemas de instalaciones del t\u00fanel as\u00ed como la arquitectura y acabados del mismo.<\/p>\n<p>Los t\u00faneles de Gl\u00f2ries est\u00e1n formados por dos galer\u00edas independientes de 957m. de longitud, con 3 carriles por sentido, pasando por debajo de 4 t\u00faneles ferroviarios existentes. En su punto bajo el t\u00fanel tiene una profundidad de 30m. situ\u00e1ndose 15m. por debajo del nivel fre\u00e1tico.<\/p>\n<p>Las obras de ejecuci\u00f3n del t\u00fanel se iniciaron en el a\u00f1o 2015 y han supuesto una inversi\u00f3n total de 192 millones de euros.<br \/>\nESTEYCO es el autor del proyecto de construcci\u00f3n y ha participado en las diferentes fases de ejecuci\u00f3n de las obras como Asistencia T\u00e9cnica a la Propiedad y formado parte del equipo de la Direcci\u00f3n de Obra.<br \/>","protected":false},"excerpt":{"rendered":"<p>Seg\u00fan ha anunciado la propia alcaldesa de Barcelona, Ada Colau, durante una visita a las obras de los t\u00faneles de Gl\u00f2ries el pasado d\u00eda 22 de abril, el pr\u00f3ximo mes de septiembre se pondr\u00e1 en servicio la galer\u00eda mar del t\u00fanel. La galer\u00eda monta\u00f1a entrar\u00e1 en servicio en el mes de diciembre. En estos pr\u00f3ximos &hellip; <a href=\"http:\/\/muestra.vansterandlei.com\/es\/los-tuneles-de-glories-entran-en-su-fase-final-de-ejecucion\/\" class=\"more-link\">Continue reading<span class=\"screen-reader-text\"> \u00abLOS T\u00daNELES DE GL\u00d2RIES ENTRAN EN SU FASE FINAL DE EJECUCI\u00d3N.\u00bb<\/span><\/a><\/p>\n","protected":false},"author":2,"featured_media":4729,"comment_status":"open","ping_status":"open","sticky":false,"template":"","format":"standard","meta":{"pgc_sgb_lightbox_settings":""},"categories":[186,154,12,5,13,156,9],"tags":[],"wps_subtitle":"","_links":{"self":[{"href":"http:\/\/muestra.vansterandlei.com\/es\/wp-json\/wp\/v2\/posts\/4728"}],"collection":[{"href":"http:\/\/muestra.vansterandlei.com\/es\/wp-json\/wp\/v2\/posts"}],"about":[{"href":"http:\/\/muestra.vansterandlei.com\/es\/wp-json\/wp\/v2\/types\/post"}],"author":[{"embeddable":true,"href":"http:\/\/muestra.vansterandlei.com\/es\/wp-json\/wp\/v2\/users\/2"}],"replies":[{"embeddable":true,"href":"http:\/\/muestra.vansterandlei.com\/es\/wp-json\/wp\/v2\/comments?post=4728"}],"version-history":[{"count":0,"href":"http:\/\/muestra.vansterandlei.com\/es\/wp-json\/wp\/v2\/posts\/4728\/revisions"}],"wp:featuredmedia":[{"embeddable":true,"href":"http:\/\/muestra.vansterandlei.com\/es\/wp-json\/wp\/v2\/media\/4729"}],"wp:attachment":[{"href":"http:\/\/muestra.vansterandlei.com\/es\/wp-json\/wp\/v2\/media?parent=4728"}],"wp:term":[{"taxonomy":"category","embeddable":true,"href":"http:\/\/muestra.vansterandlei.com\/es\/wp-json\/wp\/v2\/categories?post=4728"},{"taxonomy":"post_tag","embeddable":true,"href":"http:\/\/muestra.vansterandlei.com\/es\/wp-json\/wp\/v2\/tags?post=4728"}],"curies":[{"name":"wp","href":"https:\/\/api.w.org\/{rel}","templated":true}]}}