{"id":4732,"date":"2021-04-29T11:49:35","date_gmt":"2021-04-29T11:49:35","guid":{"rendered":"http:\/\/muestra.vansterandlei.com\/?p=4732"},"modified":"2021-04-29T11:51:13","modified_gmt":"2021-04-29T11:51:13","slug":"esteyco-awardee-of-two-contracts-by-adif-for-1-4-million-euros-to-provide-with-crossings-between-platforms-to-several-stations-in-the-basque-country-galicia-andalucia-and-murcia-removing-existing","status":"publish","type":"post","link":"http:\/\/muestra.vansterandlei.com\/es\/esteyco-adjudicataria-de-dos-contratos-de-adif-por-14-millones-de-euros-para-dotar-de-pasos-entre-andenes-a-diversas-estaciones-en-el-pais-vasco-galicia-andalucia-y-murcia-eliminando-los-actuale\/","title":{"rendered":"ESTEYCO, ADJUDICATARIA DE DOS CONTRATOS DE ADIF POR 1,4 MILLONES \u20ac, PARA DOTAR DE PASOS ENTRE ANDENES A DIVERSAS ESTACIONES EN EL PA\u00cdS VASCO, GALICIA, ANDALUC\u00cdA Y MURCIA."},"content":{"rendered":"ESTEYCO, junto a la empresa ARDANUY, ha sido adjudicataria de dos contratos del ADIF para resolver la conectividad entre andenes en sus estaciones, un primer lote en el Pa\u00eds Vasco y uno segundo para Galicia, Andaluc\u00eda y Murcia<\/p>\n<p>El alcance de los trabajos consiste en desarrollar los proyectos constructivos para resolver los pasos a distinto nivel entre andenes de viajeros, incluyendo la eliminaci\u00f3n e inhabilitaci\u00f3n de los pasos a nivel actuales, que quedar\u00e1n restringido para labores de servicio o evacuaci\u00f3n. <\/p>\n<p>Los apeaderos y estaciones incluidos en los trabajos son los siguientes: Apeadero de Anoeta (Pa\u00eds Vasco), Apeadero de Alegia (Pa\u00eds Vasco), Estaci\u00f3n de Hernani (Pa\u00eds Vasco), Estaci\u00f3n de Legorreta (Pa\u00eds Vasco), Apeadero de Ikaztegieta (Pa\u00eds Vasco), Apeadero de Itsasondo (Pa\u00eds Vasco), Estaci\u00f3n de Xuvia (Galicia), Estaci\u00f3n de Pontecesures (Galicia), Estaci\u00f3n O Porri\u00f1o (Pontevedra, Galicia), Estaci\u00f3n de Posadas (C\u00f3rdoba, Andaluc\u00eda), Estaci\u00f3n La Palma del Condado (Huelva, Andaluc\u00eda), Estaci\u00f3n de Pedrera (Sevilla),Estaci\u00f3n de La Uni\u00f3n (Murcia).<br \/>","protected":false},"excerpt":{"rendered":"<p>ESTEYCO, junto a la empresa ARDANUY, ha sido adjudicataria de dos contratos del ADIF para resolver la conectividad entre andenes en sus estaciones, un primer lote en el Pa\u00eds Vasco y uno segundo para Galicia, Andaluc\u00eda y Murcia El alcance de los trabajos consiste en desarrollar los proyectos constructivos para resolver los pasos a distinto &hellip; <a href=\"http:\/\/muestra.vansterandlei.com\/es\/esteyco-adjudicataria-de-dos-contratos-de-adif-por-14-millones-de-euros-para-dotar-de-pasos-entre-andenes-a-diversas-estaciones-en-el-pais-vasco-galicia-andalucia-y-murcia-eliminando-los-actuale\/\" class=\"more-link\">Continue reading<span class=\"screen-reader-text\"> \u00abESTEYCO, ADJUDICATARIA DE DOS CONTRATOS DE ADIF POR 1,4 MILLONES \u20ac, PARA DOTAR DE PASOS ENTRE ANDENES A DIVERSAS ESTACIONES EN EL PA\u00cdS VASCO, GALICIA, ANDALUC\u00cdA Y MURCIA.\u00bb<\/span><\/a><\/p>\n","protected":false},"author":2,"featured_media":4733,"comment_status":"open","ping_status":"open","sticky":false,"template":"","format":"standard","meta":{"pgc_sgb_lightbox_settings":""},"categories":[186,18,10,5,156,15],"tags":[],"wps_subtitle":"","_links":{"self":[{"href":"http:\/\/muestra.vansterandlei.com\/es\/wp-json\/wp\/v2\/posts\/4732"}],"collection":[{"href":"http:\/\/muestra.vansterandlei.com\/es\/wp-json\/wp\/v2\/posts"}],"about":[{"href":"http:\/\/muestra.vansterandlei.com\/es\/wp-json\/wp\/v2\/types\/post"}],"author":[{"embeddable":true,"href":"http:\/\/muestra.vansterandlei.com\/es\/wp-json\/wp\/v2\/users\/2"}],"replies":[{"embeddable":true,"href":"http:\/\/muestra.vansterandlei.com\/es\/wp-json\/wp\/v2\/comments?post=4732"}],"version-history":[{"count":0,"href":"http:\/\/muestra.vansterandlei.com\/es\/wp-json\/wp\/v2\/posts\/4732\/revisions"}],"wp:featuredmedia":[{"embeddable":true,"href":"http:\/\/muestra.vansterandlei.com\/es\/wp-json\/wp\/v2\/media\/4733"}],"wp:attachment":[{"href":"http:\/\/muestra.vansterandlei.com\/es\/wp-json\/wp\/v2\/media?parent=4732"}],"wp:term":[{"taxonomy":"category","embeddable":true,"href":"http:\/\/muestra.vansterandlei.com\/es\/wp-json\/wp\/v2\/categories?post=4732"},{"taxonomy":"post_tag","embeddable":true,"href":"http:\/\/muestra.vansterandlei.com\/es\/wp-json\/wp\/v2\/tags?post=4732"}],"curies":[{"name":"wp","href":"https:\/\/api.w.org\/{rel}","templated":true}]}}